{"id":2532,"count":1,"description":"","link":"https:\/\/orer.eu\/cs\/tag\/na-zapadni-fronte-klid\/","name":"Na z\u00e1padn\u00ed front\u011b klid","slug":"na-zapadni-fronte-klid","taxonomy":"post_tag","meta":[],"_links":{"self":[{"href":"https:\/\/orer.eu\/cs\/wp-json\/wp\/v2\/tags\/2532","targetHints":{"allow":["GET"]}}],"collection":[{"href":"https:\/\/orer.eu\/cs\/wp-json\/wp\/v2\/tags"}],"about":[{"href":"https:\/\/orer.eu\/cs\/wp-json\/wp\/v2\/taxonomies\/post_tag"}],"wp:post_type":[{"href":"https:\/\/orer.eu\/cs\/wp-json\/wp\/v2\/posts?tags=2532"}],"curies":[{"name":"wp","href":"https:\/\/api.w.org\/{rel}","templated":true}]}}