{"id":7964,"date":"2022-04-25T14:33:21","date_gmt":"2022-04-25T11:33:21","guid":{"rendered":"https:\/\/orer.eu\/?p=7964"},"modified":"2022-04-25T14:33:24","modified_gmt":"2022-04-25T11:33:24","slug":"36-rocnik-festival-komorni-hudby-cesky-krumlov","status":"publish","type":"post","link":"https:\/\/orer.eu\/cs\/2022\/04\/25\/36-rocnik-festival-komorni-hudby-cesky-krumlov\/","title":{"rendered":"36. ro\u010dn\u00edk &#8211; Festival komorn\u00ed hudby \u010cesk\u00fd Krumlov"},"content":{"rendered":"\n<p>Zvl\u00e1\u0161\u0165 v&nbsp;posledn\u00edch letech se Festival komorn\u00ed hudby sna\u017e\u00ed p\u0159ipom\u00ednat jedine\u010dn\u00e9, namnoze nezn\u00e1m\u00e9 hudebn\u00ed souvislosti \u010cesk\u00e9ho Krumlova, a takto napom\u00e1hat k&nbsp;hled\u00e1n\u00ed hlub\u0161\u00edch vrstev m\u00edstn\u00ed identity.<\/p>\n\n\n\n<p>36. ro\u010dn\u00edk proto nab\u00eddne hned n\u011bkolik koncert\u016f, jejich\u017e program bude vytvo\u0159en speci\u00e1ln\u011b pro tento festival, a to s&nbsp;jasn\u00fdmi historick\u00fdmi vazbami k m\u00edstn\u00edmu kulturn\u00edmu \u017eivotu. V&nbsp;r\u00e1mci Barokn\u00ed noci bude provedena francouzsk\u00e1 komick\u00e1 zp\u011bvohra <em>La fausse magie<\/em>, jej\u00ed\u017e orchestr\u00e1ln\u00ed \u00faprava nepochybn\u011b zazn\u011bla p\u0159i letn\u00edm pobytu panstva v&nbsp;\u010deskokrumlovsk\u00e9m z\u00e1mku v roce 1780. Na zcela jinou podobu hudebn\u00edho d\u011bn\u00ed spojen\u00e9ho s&nbsp;kn\u00ed\u017eec\u00edm dvorem pouk\u00e1\u017ee voln\u011b p\u0159\u00edstupn\u00e9 soir\u00e9e, p\u0159i n\u011bm\u017e<em>Jazzband schwarzenbersk\u00e9 gardy<\/em> o\u017eiv\u00ed&nbsp;reperto\u00e1\u00adr z&nbsp;hudebn\u00edho archivu t\u011blesa, kter\u00e9 v&nbsp;\u010cesk\u00e9m Krumlov\u011b pod t\u00edmto n\u00e1zvem p\u016fsobilo mezi sv\u011btov\u00fdmi v\u00e1lkami. Slavnost\u00ed z\u00e1v\u011bre\u010dn\u00fd koncert p\u0159ipomene v&nbsp;novodob\u00fdch sv\u011btov\u00fdch premi\u00e9r\u00e1ch v\u00fdb\u011br z&nbsp;duchovn\u00edch kant\u00e1t Arno\u0161ta ze Schwarzenbergu, n\u011bkdej\u0161\u00edho r\u00e1bsk\u00e9ho biskupa, ale z\u00e1rove\u0148 i n\u00e1ru\u017eiv\u00e9ho hudebn\u00edho amat\u00e9ra, zp\u011bv\u00e1ka a p\u0159\u00edle\u017eitostn\u00e9ho skladatele, od jeho\u017e smrti vloni uplynulo 200 let. K&nbsp;pozoruhodn\u00fdm, av\u0161ak m\u00e1lo zn\u00e1m\u00fdm etap\u00e1m \u010deskokrumlovsk\u00e9 minulosti pat\u0159\u00ed star\u0161\u00ed historie m\u00edstn\u00edho kina. V&nbsp;podstat\u011b nezn\u00e1m\u00fdm faktem je pak skute\u010dnost, \u017ee se n\u00e1m do dne\u0161n\u00edch dn\u016f dochovala \u010d\u00e1st hudebnin, je\u017e zde byly vyu\u017e\u00edv\u00e1ny p\u0159ed zaveden\u00edm zvukov\u00e9ho filmu. P\u0159i p\u0159\u00edle\u017eitosti 111. v\u00fdro\u010d\u00ed zalo\u017een\u00ed tohoto kina proto chceme uskute\u010dnit projekci n\u011bm\u00e9 filmov\u00e9 komedie s&nbsp;Vlastou Burianem <em>Milenky star\u00e9ho krimin\u00e1ln\u00edka <\/em>s&nbsp;\u017eiv\u00fdm doprovodem komorn\u00edho hudebn\u00edho t\u011blesa v&nbsp;p\u016fvodn\u00edm zdokumentovan\u00e9m slo\u017een\u00ed.<\/p>\n\n\n\n<p>D\u011bj chystan\u00e9 barokn\u00ed opery, v&nbsp;n\u011bm\u017e hraj\u00ed v\u00fdznamnou roli v\u011b\u0161tby a kouzla tajemn\u00e9 cik\u00e1nky, n\u00e1s p\u0159ivedl k&nbsp;my\u0161lence p\u0159ipomenout \u00falohu romsk\u00e9 kultury v&nbsp;nov\u011bj\u0161\u00ed historii \u010cesk\u00e9ho Krumlova. Nejv\u00fdrazn\u011bji bude tyto vlivy akcentovat koncert Jazz nad Vltavou, p\u0159i n\u011bm\u017e spole\u010dn\u011b vystoup\u00ed jazzov\u00fd fl\u00e9tnista Ji\u0159\u00ed Stiv\u00edn s&nbsp;m\u00edstn\u00ed romskou kapelou <em>Cind\u017ei Renta<\/em>. Odrazy romsk\u00fdch a \u0161pan\u011blsk\u00fdch prvk\u016f v&nbsp;tvorb\u011b skladatel\u016f klasick\u00e9 hudby pak z\u010d\u00e1sti p\u0159ipomene i recit\u00e1l polsk\u00e9 houslistky Anny Gutowsk\u00e9, je\u017e pedagogicky p\u016fsob\u00ed na v\u00edde\u0148sk\u00e9 Universit\u00e4t f\u00fcr Musik und darstellende Kunst.<\/p>\n\n\n\n<p>P\u0159ev\u00e1\u017en\u011b duchovn\u00ed hudb\u011b 17. a 18. stolet\u00ed budou v\u011bnov\u00e1ny dva koncerty, je\u017e se uskute\u010dn\u00ed v&nbsp;adekv\u00e1tn\u00edm prost\u0159ed\u00ed kostela Bo\u017e\u00edho t\u011bla a Panny Marie Bolestn\u00e9. Tvorbu pro ans\u00e1mbl dobov\u00fdch dechov\u00fdch n\u00e1stroj\u016f zahraje soubor <em>Capella ornamentata<\/em>, na varhann\u00edm koncertu se krumlovsk\u00e9mu publiku p\u0159edstav\u00ed dvojice renomovan\u00fdch hudebn\u00edk\u016f, varhan\u00edk Pavel \u010cern\u00fd a hr\u00e1\u010d na barokn\u00ed trubku Jaroslav Rou\u010dek.<\/p>\n\n\n\n<p>V\u00fdznamnou prioritou festivalu je rovn\u011b\u017e podpora mlad\u00fdch talentovan\u00fdch um\u011blc\u016f. K&nbsp;t\u011bm pat\u0159\u00ed i kytaristka Nina Havelkov\u00e1, kter\u00e1 se po n\u011bkolikalet\u00e9m studiu v&nbsp;It\u00e1lii vrac\u00ed na \u010desk\u00e1 p\u00f3dia a spolu s&nbsp;harfenistkou Barborou Plachou se ujme programu leto\u0161n\u00edho nokturna.<\/p>\n","protected":false},"excerpt":{"rendered":"<p>Zvl\u00e1\u0161\u0165 v&nbsp;posledn\u00edch letech se Festival komorn\u00ed hudby sna\u017e\u00ed p\u0159ipom\u00ednat jedine\u010dn\u00e9, namnoze nezn\u00e1m\u00e9 hudebn\u00ed souvislosti \u010cesk\u00e9ho Krumlova, a takto napom\u00e1hat k&nbsp;hled\u00e1n\u00ed hlub\u0161\u00edch vrstev m\u00edstn\u00ed identity. 36. ro\u010dn\u00edk proto nab\u00eddne hned n\u011bkolik koncert\u016f, jejich\u017e program bude vytvo\u0159en speci\u00e1ln\u011b pro tento festival, a to s&nbsp;jasn\u00fdmi historick\u00fdmi vazbami k m\u00edstn\u00edmu kulturn\u00edmu \u017eivotu. V&nbsp;r\u00e1mci Barokn\u00ed noci bude provedena francouzsk\u00e1 komick\u00e1&#8230;<\/p>\n","protected":false},"author":2,"featured_media":7965,"comment_status":"open","ping_status":"open","sticky":false,"template":"","format":"standard","meta":{"_monsterinsights_skip_tracking":false,"_monsterinsights_sitenote_active":false,"_monsterinsights_sitenote_note":"","_monsterinsights_sitenote_category":0,"footnotes":""},"categories":[401,392,383,998],"tags":[414,1025],"class_list":["post-7964","post","type-post","status-publish","format-standard","has-post-thumbnail","hentry","category-ceske-armenske-zpravy","category-hudba","category-kultura","category-novinky","tag-cesky-krumlov","tag-festival-komorni-hudby"],"_links":{"self":[{"href":"https:\/\/orer.eu\/cs\/wp-json\/wp\/v2\/posts\/7964","targetHints":{"allow":["GET"]}}],"collection":[{"href":"https:\/\/orer.eu\/cs\/wp-json\/wp\/v2\/posts"}],"about":[{"href":"https:\/\/orer.eu\/cs\/wp-json\/wp\/v2\/types\/post"}],"author":[{"embeddable":true,"href":"https:\/\/orer.eu\/cs\/wp-json\/wp\/v2\/users\/2"}],"replies":[{"embeddable":true,"href":"https:\/\/orer.eu\/cs\/wp-json\/wp\/v2\/comments?post=7964"}],"version-history":[{"count":1,"href":"https:\/\/orer.eu\/cs\/wp-json\/wp\/v2\/posts\/7964\/revisions"}],"predecessor-version":[{"id":7969,"href":"https:\/\/orer.eu\/cs\/wp-json\/wp\/v2\/posts\/7964\/revisions\/7969"}],"wp:featuredmedia":[{"embeddable":true,"href":"https:\/\/orer.eu\/cs\/wp-json\/wp\/v2\/media\/7965"}],"wp:attachment":[{"href":"https:\/\/orer.eu\/cs\/wp-json\/wp\/v2\/media?parent=7964"}],"wp:term":[{"taxonomy":"category","embeddable":true,"href":"https:\/\/orer.eu\/cs\/wp-json\/wp\/v2\/categories?post=7964"},{"taxonomy":"post_tag","embeddable":true,"href":"https:\/\/orer.eu\/cs\/wp-json\/wp\/v2\/tags?post=7964"}],"curies":[{"name":"wp","href":"https:\/\/api.w.org\/{rel}","templated":true}]}}