{"id":7962,"date":"2022-04-25T14:11:32","date_gmt":"2022-04-25T11:11:32","guid":{"rendered":"https:\/\/orer.eu\/?p=7962"},"modified":"2022-04-25T14:13:19","modified_gmt":"2022-04-25T11:13:19","slug":"majitel-spolecnosti-marlenka-gevorg-avetisjan-srovnava-valecne-konflikty","status":"publish","type":"post","link":"https:\/\/orer.eu\/cs\/2022\/04\/25\/majitel-spolecnosti-marlenka-gevorg-avetisjan-srovnava-valecne-konflikty\/","title":{"rendered":"Majitel spole\u010dnosti Marlenka Gevorg Avetisjan srovn\u00e1v\u00e1 v\u00e1le\u010dn\u00e9 konflikty"},"content":{"rendered":"\n<p>Agresi se br\u00e1n\u00ed Ukrajina, za\u017eila j\u00ed i\u00a0Arm\u00e9nie<br><\/p>\n\n\n\n<p>I&nbsp;kdy\u017e v&nbsp;m\u00e9di\u00edch ji\u017e zhruba dva m\u011bs\u00edce rezonuje sou\u010dasn\u00e1 situace na Ukrajin\u011b,&nbsp; jednatel a majitel spole\u010dnosti Marlenka international Gevorg Avetisjan stejn\u011b pozorn\u011b a mo\u017en\u00e1 je\u0161t\u011b v\u00edce emotivn\u011b sleduje i&nbsp;d\u011bn\u00ed kolem N\u00e1horn\u00edho Karabachu a st\u00e1le se prohlubuj\u00edc\u00edch dlouholet\u00fdch spor\u016f mezi Arm\u00e9ni\u00ed a \u00c1zerb\u00e1jd\u017e\u00e1nem.<\/p>\n\n\n\n<p>Konflikt v&nbsp;N\u00e1horn\u00edm Karabachu, kter\u00fd le\u017e\u00ed v&nbsp;j\u00ed\u017en\u00edm &nbsp;Kavkazu, ale na jeho \u00fazem\u00ed \u017eij\u00ed po tis\u00edcilet\u00ed Arm\u00e9ni, se u\u017e dlouho pova\u017euje za sud se st\u0159eln\u00fdm prachem.&nbsp; Spory obou zem\u00ed vy\u00fastily v&nbsp;roce 1988&nbsp;v&nbsp;krvav\u00fd ozbrojen\u00fd konflikt naz\u00fdvan\u00fd jako Prvn\u00ed v\u00e1lka o&nbsp;N\u00e1horn\u00ed Karabach, kter\u00e1 za\u010dala masakrem arm\u00e9nsk\u00fdch obyvatel m\u011bsta Sumgait. \u0160lo o&nbsp;kl\u00ed\u010dov\u00fd incident pro arm\u00e9nskou stranu, v\u00e1lka pak trvala a\u017e do roku 1994&nbsp;a vy\u017e\u00e1dala si v\u00edce ne\u017e 30&nbsp;tis\u00edc lidsk\u00fdch \u017eivot\u016f. Byla ukon\u010dena v\u00edt\u011bzstv\u00edm Arm\u00e9nie. Na podzim roku 2020&nbsp;vypukl mezi Arm\u00e9ni\u00ed a \u00c1zerb\u00e1jd\u017e\u00e1nem ozbrojen\u00fd konflikt znovu, d\u016fsledkem byly dal\u0161\u00ed tis\u00edce mrtv\u00fdch.<\/p>\n\n\n\n<figure class=\"wp-block-image size-large\"><img loading=\"lazy\" decoding=\"async\" width=\"1024\" height=\"683\" src=\"https:\/\/orer.eu\/wp-content\/uploads\/2022\/01\/gevorg_avetisyan_mrtsanak-1024x683.jpg\" alt=\"\" class=\"wp-image-3814\" srcset=\"https:\/\/orer.eu\/wp-content\/uploads\/2022\/01\/gevorg_avetisyan_mrtsanak-1024x683.jpg 1024w, https:\/\/orer.eu\/wp-content\/uploads\/2022\/01\/gevorg_avetisyan_mrtsanak-300x200.jpg 300w, https:\/\/orer.eu\/wp-content\/uploads\/2022\/01\/gevorg_avetisyan_mrtsanak-768x512.jpg 768w, https:\/\/orer.eu\/wp-content\/uploads\/2022\/01\/gevorg_avetisyan_mrtsanak.jpg 1200w\" sizes=\"auto, (max-width: 1024px) 100vw, 1024px\" \/><\/figure>\n\n\n\n<p>majitel Marlenky Gevorg Avetisjan<\/p>\n\n\n\n<p>&nbsp;\u201eV\u00e1lka na Ukrajin\u011b, v\u00e1lka v&nbsp;Arm\u00e9nii. V\u0161e pro\u017e\u00edv\u00e1m, vn\u00edm\u00e1m ale i&nbsp;srovn\u00e1v\u00e1m v\u00edce ne\u017e mnoz\u00ed jin\u00ed, proto\u017ee moje rodina po prvn\u00ed v\u00edt\u011bzn\u00e9 v\u00e1lce s&nbsp;Azerbajd\u017e\u00e1nem ode\u0161la do \u010cesk\u00e9 republiky,\u201c \u0159\u00edk\u00e1 rod\u00e1k z&nbsp;arm\u00e9nsk\u00e9ho Jerevanu Gevorg Avetisjan.&nbsp; \u201eJe\u0161t\u011b st\u00e1le p\u0159ed sebou vid\u00edm,&nbsp; jak bylo hlavn\u00ed m\u011bsto N\u00e1horn\u00edho Karabachu St\u011bpanakert skoro srovn\u00e1no se zem\u00ed, po kazetov\u00e9m bombardov\u00e1n\u00ed a u\u017eit\u00ed fosforov\u00fdch bomb um\u00edrali civilist\u00e9, zni\u010den\u00e9 byly budovy \u0161kol, zdravotnick\u00e9 za\u0159\u00edzen\u00ed, lid\u00e9 nem\u011bli kde bydlet. Nav\u00edc&nbsp; Arm\u00e9nie se dostala do&nbsp;podobn\u00e9 situace jako Ukrajina je\u0161t\u011b jednou p\u0159i dal\u0161\u00edm konfliktu,&nbsp; kdy Arm\u00e9ni 44&nbsp;dn\u016f museli v&nbsp;boj\u00edch o&nbsp;N\u00e1horn\u00ed Karabach odol\u00e1vat&nbsp; \u00e1zerb\u00e1jd\u017e\u00e1nsk\u00e9 a tureck\u00e9 arm\u00e1d\u011b i&nbsp;\u017eold\u00e1k\u016fm isl\u00e1msk\u00e9ho st\u00e1tu, P\u00e1kist\u00e1nu a Afganist\u00e1nu, tedy&nbsp; ohromn\u00e9 po\u010detn\u00ed p\u0159esile a bez pomoci ostatn\u00edch zem\u00ed. Stejn\u011b jako na Ukrajin\u011b cht\u011bli v\u0161ichni svou vlast br\u00e1nit, bojovat o&nbsp;sv\u00e9 byt\u00ed, do arm\u00e1dy se hl\u00e1sili dobrovoln\u00edci, mlad\u00ed lid\u00e9, \u017eeny. Jak\u00e1koliv agrese v&nbsp;celosv\u011btov\u00e9m m\u011b\u0159\u00edtku by m\u011bla b\u00fdt co nejd\u0159\u00edve zastavena.&nbsp; A&nbsp;proto je mi l\u00edto, \u017ee sv\u011btov\u00e9 velmoci se k&nbsp;tomu podle m\u00e9ho n\u00e1zoru stav\u011bj\u00ed chladn\u011b,\u201c dod\u00e1v\u00e1 a je na n\u011bm vid\u011bt, jak ho tato problematika tr\u00e1p\u00ed.<\/p>\n\n\n\n<p>\u201eStejn\u011b jako jsme ji\u017e pomohli Ukrajin\u011b a s&nbsp;pomoc\u00ed&nbsp; \u010cerven\u00e9ho k\u0159\u00ed\u017ee a Moravskoslezsk\u00e9ho kraje poslali palety s&nbsp;na\u0161imi v\u00fdrobky, ke dv\u011bma des\u00edtk\u00e1m zam\u011bstnanc\u016f z&nbsp;Ukrajiny p\u0159ibude od z\u00e1\u0159\u00ed dal\u0161\u00edch dvacet, kte\u0159\u00ed jsou ji\u017e nasmlouv\u00e1ni s&nbsp;\u00da\u0159adem pr\u00e1ce, chceme pomoci i&nbsp;Arm\u00e9nii. I&nbsp;ta se mus\u00ed postarat o&nbsp;100 tis\u00edc b\u011b\u017eenc\u016f z&nbsp;Karabachu. Nap\u011bt\u00ed mezi ob\u011bma stranami konfliktu trv\u00e1 st\u00e1le a v\u00e1lka m\u016f\u017ee vzplanout op\u011bt. R\u00e1d bych se pod\u00edlel na zalo\u017een\u00ed nadace, fondu pomoci Arm\u00e9nii, ale nem\u00e1m s&nbsp;t\u00edm zku\u0161enosti, pot\u0159eboval bych n\u011bkoho, kdo mi porad\u00ed, jak na to. Mus\u00edme si uv\u011bdomit, \u017ee v\u00e1lka se dotkne by\u0165 nep\u0159\u00edmo n\u00e1s v\u0161ech a \u017ee krev m\u00e1 v\u0161ude stejnou barvu.\u201c<\/p>\n\n\n\n<p>Gevorg Avetisjan pozorn\u011b sleduje d\u011bn\u00ed ve sv\u00e9 rodn\u00e9 zemi, m\u00e1 p\u0159ehled o&nbsp;politick\u00e9 situaci v&nbsp;Arm\u00e9nii, o&nbsp;kter\u00e9 \u0159\u00edk\u00e1, \u017ee by j\u00ed prosp\u011blo, kdyby byla neutr\u00e1ln\u00ed a kdyby do\u0161lo k&nbsp;p\u0159ed\u010dasn\u00fdm volb\u00e1m. \u201eKdy\u017e dojde k&nbsp;agresi ve kter\u00e9koliv \u010d\u00e1sti sv\u011bta, je to akt, proti kter\u00e9mu by se m\u011blo zas\u00e1hnout, agresor by m\u011bl&nbsp; b\u00fdt potrest\u00e1n. \u017diju ji\u017e \u0159adu let v&nbsp;\u010cesk\u00e9 republice, svou rodnou zemi budu m\u00edt ale st\u00e1le v&nbsp;srdci a moc si p\u0159eji, aby i&nbsp;v&nbsp;tomto kout\u011b sv\u011bta zavl\u00e1dl klid a m\u00edr.\u201c<br>Zdroj: https:\/\/pr.denik.cz\/doporucujeme\/marlenka.html?preview=d5709bdbead15de680762e344d16c7c4&amp;t=1650622610&amp;fbclid=IwAR3Js7IPw0aTuUi4yB68gzB8TwXlEVMOe3tNDY61VEmCjKzSnZfrhCXu3Us<\/p>\n","protected":false},"excerpt":{"rendered":"<p>Agresi se br\u00e1n\u00ed Ukrajina, za\u017eila j\u00ed i\u00a0Arm\u00e9nie I&nbsp;kdy\u017e v&nbsp;m\u00e9di\u00edch ji\u017e zhruba dva m\u011bs\u00edce rezonuje sou\u010dasn\u00e1 situace na Ukrajin\u011b,&nbsp; jednatel a majitel spole\u010dnosti Marlenka international Gevorg Avetisjan stejn\u011b pozorn\u011b a mo\u017en\u00e1 je\u0161t\u011b v\u00edce emotivn\u011b sleduje i&nbsp;d\u011bn\u00ed kolem N\u00e1horn\u00edho Karabachu a st\u00e1le se prohlubuj\u00edc\u00edch dlouholet\u00fdch spor\u016f mezi Arm\u00e9ni\u00ed a \u00c1zerb\u00e1jd\u017e\u00e1nem. Konflikt v&nbsp;N\u00e1horn\u00edm Karabachu, kter\u00fd le\u017e\u00ed v&nbsp;j\u00ed\u017en\u00edm &nbsp;Kavkazu,&#8230;<\/p>\n","protected":false},"author":2,"featured_media":3814,"comment_status":"open","ping_status":"open","sticky":false,"template":"","format":"gallery","meta":{"_monsterinsights_skip_tracking":false,"_monsterinsights_sitenote_active":false,"_monsterinsights_sitenote_note":"","_monsterinsights_sitenote_category":0,"footnotes":""},"categories":[153,401,998,377],"tags":[1023,1024],"class_list":["post-7962","post","type-post","status-publish","format-gallery","has-post-thumbnail","hentry","category-czech-republic-cs","category-ceske-armenske-zpravy","category-novinky","category-tisk","tag-gevorg-avetisjan","tag-marlenka","post_format-post-format-gallery"],"_links":{"self":[{"href":"https:\/\/orer.eu\/cs\/wp-json\/wp\/v2\/posts\/7962","targetHints":{"allow":["GET"]}}],"collection":[{"href":"https:\/\/orer.eu\/cs\/wp-json\/wp\/v2\/posts"}],"about":[{"href":"https:\/\/orer.eu\/cs\/wp-json\/wp\/v2\/types\/post"}],"author":[{"embeddable":true,"href":"https:\/\/orer.eu\/cs\/wp-json\/wp\/v2\/users\/2"}],"replies":[{"embeddable":true,"href":"https:\/\/orer.eu\/cs\/wp-json\/wp\/v2\/comments?post=7962"}],"version-history":[{"count":1,"href":"https:\/\/orer.eu\/cs\/wp-json\/wp\/v2\/posts\/7962\/revisions"}],"predecessor-version":[{"id":7963,"href":"https:\/\/orer.eu\/cs\/wp-json\/wp\/v2\/posts\/7962\/revisions\/7963"}],"wp:featuredmedia":[{"embeddable":true,"href":"https:\/\/orer.eu\/cs\/wp-json\/wp\/v2\/media\/3814"}],"wp:attachment":[{"href":"https:\/\/orer.eu\/cs\/wp-json\/wp\/v2\/media?parent=7962"}],"wp:term":[{"taxonomy":"category","embeddable":true,"href":"https:\/\/orer.eu\/cs\/wp-json\/wp\/v2\/categories?post=7962"},{"taxonomy":"post_tag","embeddable":true,"href":"https:\/\/orer.eu\/cs\/wp-json\/wp\/v2\/tags?post=7962"}],"curies":[{"name":"wp","href":"https:\/\/api.w.org\/{rel}","templated":true}]}}