{"id":73512,"date":"2025-03-12T10:47:08","date_gmt":"2025-03-12T07:47:08","guid":{"rendered":"https:\/\/orer.eu\/?p=73512"},"modified":"2025-03-13T10:54:02","modified_gmt":"2025-03-13T07:54:02","slug":"dnes-vecer-se-rozjizdi-prazska-cast-tradicniho-lidskopravniho-festivalu-jeden-svet","status":"publish","type":"post","link":"https:\/\/orer.eu\/cs\/2025\/03\/12\/dnes-vecer-se-rozjizdi-prazska-cast-tradicniho-lidskopravniho-festivalu-jeden-svet\/","title":{"rendered":"Dnes ve\u010der se rozj\u00ed\u017ed\u00ed pra\u017esk\u00e1 \u010d\u00e1st tradi\u010dn\u00edho lidskopr\u00e1vn\u00edho festivalu Jeden sv\u011bt"},"content":{"rendered":"\n<p>Dnes ve\u010der se rozj\u00ed\u017ed\u00ed pra\u017esk\u00e1 \u010d\u00e1st tradi\u010dn\u00edho lidskopr\u00e1vn\u00edho festivalu Jeden sv\u011bt. Zahajovac\u00ed ceremoni\u00e1l dvac\u00e1t\u00e9ho sedm\u00e9ho ro\u010dn\u00edku Mezin\u00e1rodn\u00edho filmov\u00e9ho festivalu o lidsk\u00fdch pr\u00e1vech Jeden sv\u011bt 12. b\u0159ezna 2025 v Pra\u017esk\u00e9 k\u0159i\u017eovatce<\/p>\n\n\n\n<p>Zahajovac\u00edm filmem budou Vzpom\u00ednky pln\u00e9 p\u0159\u00edzrak\u016f re\u017eis\u00e9ra Anase Zawahriho. Meditativn\u00ed esej zachycuje sou\u010dasn\u00fd obraz kdysi prosperuj\u00edc\u00edho syrsk\u00e9ho m\u011bsta Homs, kter\u00e9 se vlivem v\u00e1lky prom\u011bnilo v ruiny. Tent\u00fd\u017e sn\u00edmek bude soub\u011b\u017en\u011b uveden jako\u017eto zahajovac\u00ed projekce pro ve\u0159ejnost v pra\u017esk\u00e9m kin\u011b Lucerna.<\/p>\n\n\n\n<p>V pr\u016fb\u011bhu zahajovac\u00edho ve\u010dera bude v Pra\u017esk\u00e9 k\u0159i\u017eovatce ud\u011bleno ocen\u011bn\u00ed za boj za lidsk\u00e1 pr\u00e1va Homo Homini, kter\u00e9 letos obdr\u017e\u00ed dv\u011b v\u00fdjime\u010dn\u00e9 osobnosti:<\/p>\n\n\n\n<p>Nigerijsk\u00fd novin\u00e1\u0159 Philip Obaji, kter\u00fd p\u0159evezme ocen\u011bn\u00ed osobn\u011b.<\/p>\n\n\n\n<p>Cena bude ud\u011blena rovn\u011b\u017e ukrajinsk\u00e9 novin\u00e1\u0159ce Viktoriji Ro\u0161\u010dynov\u00e9. Viktorija Ro\u0161\u010dynov\u00e1 zmizela v srpnu roku 2023 a podle zpr\u00e1vy rusk\u00e9ho ministerstva obrany zem\u0159ela p\u0159i p\u0159evozu z jednoho rusk\u00e9ho v\u011bzen\u00ed do druh\u00e9ho.<\/p>\n\n\n\n<p>Cenu Homo Homini p\u0159ed\u00e1 b\u00fdval\u00e1 slovensk\u00e1 prezidentka Zuzana \u010caputov\u00e1.<\/p>\n\n\n\n<p>Cel\u00fd ve\u010der je tlumo\u010den\u00fd do \u010desk\u00e9ho znakov\u00e9ho jazyka.<\/p>\n\n\n\n<p>Dvac\u00e1t\u00fd sedm\u00fd Jeden sv\u011bt se uskute\u010dn\u00ed od 12. b\u0159ezna do 27. dubna 2025 v rekordn\u00edch 57 m\u011bstech po cel\u00e9 \u010cesk\u00e9 republice. V Praze se festival odehraje v term\u00ednu od 12. do 20. b\u0159ezna 2025 a posl\u00e9ze na n\u011bj nav\u00e1\u017eou Pra\u017esk\u00e9 ozv\u011bny.<\/p>\n\n\n\n<p>Cel\u00fd program naleznete na webu: <a href=\"https:\/\/www.jedensvet.cz\/filmy?fbclid=IwZXh0bgNhZW0CMTAAAR2DZGo2DW3_KJnCzXQ58r6euwqLQeW42Dzy1g3ECezmk7w2Bq3uqhtu5dw_aem_vyDwfTSxKCYmp3XJrC2Yfw\" target=\"_blank\" rel=\"noreferrer noopener\">https:\/\/www.jedensvet.cz\/filmy<\/a>.B\u011bhem deseti dn\u016f \u010dek\u00e1 div\u00e1ky 84 dokument\u016f, 11 fikc\u00ed a 9 imerzn\u00edch film\u016f.<\/p>\n\n\n\n<p>Jako prvn\u00ed se chyst\u00e1 zahajovac\u00ed sn\u00edmek&nbsp;<a href=\"https:\/\/www.jedensvet.cz\/filmy\/57071-vzpominky-plne-prizraku\">Vzpom\u00ednky pln\u00e9 p\u0159\u00edzrak\u016f<\/a>, kter\u00fd zve do n\u011bkdej\u0161\u00edho syrsk\u00e9ho \u201em\u011bsta sm\u00edchu\u201c Homsu, nyn\u00ed zohyzd\u011bn\u00e9ho mnohalet\u00fdm v\u00e1le\u010dn\u00fdm konfliktem. P\u016fjde jen o jeden ze sn\u00edmk\u016f&nbsp;programu, je\u017e zvl\u00e1daj\u00ed mraziv\u011b ilustrovat dopad ozbrojen\u00fdch st\u0159et\u016f na \u017eivot civiln\u00edho obyvatelstva. K&nbsp;dal\u0161\u00edm budou pat\u0159it s\u00fad\u00e1nsk\u00fd&nbsp;<a href=\"https:\/\/www.jedensvet.cz\/filmy\/57824-chartum\">Chart\u00fam<\/a>&nbsp;\u010di&nbsp;<a href=\"https:\/\/www.jedensvet.cz\/filmy\/57569-gaza-v-bode-nula\">Gaza v&nbsp;bod\u011b nula<\/a>.<\/p>\n\n\n\n<p>Druh\u00fd sn\u00edmek, kter\u00fd se stihne odprom\u00edtat u\u017e b\u011bhem zahajovac\u00edho ve\u010dera, je je\u0161t\u011b&nbsp;<a href=\"https:\/\/www.jedensvet.cz\/filmy\/57517-pan-nikdo-proti-putinovi\">Pan Nikdo proti Putinovi<\/a>. Jeden z&nbsp;nejvyhl\u00ed\u017een\u011bj\u0161\u00edch sn\u00edmk\u016f festivalu, kter\u00fd si p\u0159ed p\u00e1r t\u00fddny odbyl \u00fasp\u011b\u0161nou premi\u00e9ru na presti\u017en\u00edm festivalu Sundance. D\u00e1nsko-\u010desk\u00e1 koprodukce v&nbsp;re\u017eii p\u016fvodem americk\u00e9ho dokumentaristy Davida Borensteina sv\u011b\u0159uje kameru do rukou malom\u011bstsk\u00e9ho rusk\u00e9ho u\u010ditele Pa\u0161i. Ten s&nbsp;hr\u016fzou sleduje, jak propagandistick\u00e1 ma\u0161inerie pohlcuje jeho milovan\u00e9 \u017e\u00e1ky ze z\u00e1kladn\u00ed \u0161koly. Film vznikl i za cenu toho, \u017ee musel mlad\u00fd u\u010ditel po odevzd\u00e1n\u00ed nato\u010den\u00e9ho materi\u00e1lu mo\u017en\u00e1 nav\u017edy opustit svou zemi.<\/p>\n\n\n\n<p>B\u011bhem slavnostn\u00edho zah\u00e1jen\u00ed pak jm\u00e9nem festivalu p\u0159ed\u00e1 b\u00fdval\u00e1 slovensk\u00e1 prezidentka Zuzana \u010caputov\u00e1 i dv\u011b ceny Homo Homini za boj o lidsk\u00e1 pr\u00e1va. Jednu p\u0159ebere nigerijsk\u00fd novin\u00e1\u0159 Philip Obaji, bojuj\u00edc\u00ed proti zlo\u010din\u016fm m\u00edstn\u00edch paramilit\u00e1rn\u00edch skupin. Druhou pak in memoriam obdr\u017e\u00ed ukrajinsk\u00e1 novin\u00e1\u0159ka Viktorija Ro\u0161\u010dynov\u00e1, kterou unesli a zavra\u017edili p\u0159edstavitel\u00e9 Ruska. Nigerijskou realitu p\u0159edstav\u00ed pozd\u011bji b\u011bhem festivalu sn\u00edmek&nbsp;<a href=\"https:\/\/www.jedensvet.cz\/filmy\/57398-o-nuzne-kralovne-z-lagosu\">O nuzn\u00e9 kr\u00e1lovn\u011b z&nbsp;Lagosu<\/a>&nbsp;a ruskou invazi Ukrajiny pokryje cel\u00e1 \u0161k\u00e1la film\u016f, krom ji\u017e zm\u00edn\u011bn\u00e9ho&nbsp;<a href=\"https:\/\/www.jedensvet.cz\/filmy\/57517-pan-nikdo-proti-putinovi\">Pan nikdo proti Putinovi<\/a>&nbsp;nap\u0159\u00edklad&nbsp;<a href=\"https:\/\/www.jedensvet.cz\/filmy\/56422-vse-si-zaslouzi-zit\">V\u0161e si zaslou\u017e\u00ed \u017e\u00edt<\/a>. Portr\u00e9t ukrajinsk\u00e9 bodybuilderky Anny Kurkuriny, kter\u00e1 se v\u00e1lce navzdory sna\u017e\u00ed \u017e\u00edt co nejbohat\u0161\u00ed \u017eivot.<\/p>\n","protected":false},"excerpt":{"rendered":"<p>Dnes ve\u010der se rozj\u00ed\u017ed\u00ed pra\u017esk\u00e1 \u010d\u00e1st tradi\u010dn\u00edho lidskopr\u00e1vn\u00edho festivalu Jeden sv\u011bt. Zahajovac\u00ed ceremoni\u00e1l dvac\u00e1t\u00e9ho sedm\u00e9ho ro\u010dn\u00edku Mezin\u00e1rodn\u00edho filmov\u00e9ho festivalu o lidsk\u00fdch pr\u00e1vech Jeden sv\u011bt 12. b\u0159ezna 2025 v Pra\u017esk\u00e9 k\u0159i\u017eovatce Zahajovac\u00edm filmem budou Vzpom\u00ednky pln\u00e9 p\u0159\u00edzrak\u016f re\u017eis\u00e9ra Anase Zawahriho. Meditativn\u00ed esej zachycuje sou\u010dasn\u00fd obraz kdysi prosperuj\u00edc\u00edho syrsk\u00e9ho m\u011bsta Homs, kter\u00e9 se vlivem v\u00e1lky prom\u011bnilo v&#8230;<\/p>\n","protected":false},"author":1,"featured_media":73513,"comment_status":"open","ping_status":"open","sticky":false,"template":"","format":"standard","meta":{"_monsterinsights_skip_tracking":false,"_monsterinsights_sitenote_active":false,"_monsterinsights_sitenote_note":"","_monsterinsights_sitenote_category":0,"footnotes":""},"categories":[153,401,395,998],"tags":[1649,1633,2570],"class_list":["post-73512","post","type-post","status-publish","format-standard","has-post-thumbnail","hentry","category-czech-republic-cs","category-ceske-armenske-zpravy","category-kino","category-novinky","tag-festival-2","tag-film-2","tag-jeden-svet"],"_links":{"self":[{"href":"https:\/\/orer.eu\/cs\/wp-json\/wp\/v2\/posts\/73512","targetHints":{"allow":["GET"]}}],"collection":[{"href":"https:\/\/orer.eu\/cs\/wp-json\/wp\/v2\/posts"}],"about":[{"href":"https:\/\/orer.eu\/cs\/wp-json\/wp\/v2\/types\/post"}],"author":[{"embeddable":true,"href":"https:\/\/orer.eu\/cs\/wp-json\/wp\/v2\/users\/1"}],"replies":[{"embeddable":true,"href":"https:\/\/orer.eu\/cs\/wp-json\/wp\/v2\/comments?post=73512"}],"version-history":[{"count":2,"href":"https:\/\/orer.eu\/cs\/wp-json\/wp\/v2\/posts\/73512\/revisions"}],"predecessor-version":[{"id":73519,"href":"https:\/\/orer.eu\/cs\/wp-json\/wp\/v2\/posts\/73512\/revisions\/73519"}],"wp:featuredmedia":[{"embeddable":true,"href":"https:\/\/orer.eu\/cs\/wp-json\/wp\/v2\/media\/73513"}],"wp:attachment":[{"href":"https:\/\/orer.eu\/cs\/wp-json\/wp\/v2\/media?parent=73512"}],"wp:term":[{"taxonomy":"category","embeddable":true,"href":"https:\/\/orer.eu\/cs\/wp-json\/wp\/v2\/categories?post=73512"},{"taxonomy":"post_tag","embeddable":true,"href":"https:\/\/orer.eu\/cs\/wp-json\/wp\/v2\/tags?post=73512"}],"curies":[{"name":"wp","href":"https:\/\/api.w.org\/{rel}","templated":true}]}}