{"id":5669,"date":"2022-03-19T00:27:11","date_gmt":"2022-03-18T21:27:11","guid":{"rendered":"https:\/\/orer.eu\/orer_rebrended\/?p=5669"},"modified":"2022-03-19T00:27:13","modified_gmt":"2022-03-18T21:27:13","slug":"v-cesku-dochazeji-ubytovaci-kapacity-pro-ukrajinske-uprchliky-resi-se-moznosti","status":"publish","type":"post","link":"https:\/\/orer.eu\/cs\/2022\/03\/19\/v-cesku-dochazeji-ubytovaci-kapacity-pro-ukrajinske-uprchliky-resi-se-moznosti\/","title":{"rendered":"V \u010cesku doch\u00e1zej\u00ed ubytovac\u00ed kapacity pro ukrajinsk\u00e9 uprchl\u00edky, \u0159e\u0161\u00ed se mo\u017enosti"},"content":{"rendered":"\n<p>Do \u010ceska ka\u017ed\u00fdm dnem putuj\u00ed tis\u00edce uprchl\u00edk\u016f z&nbsp;v\u00e1lkou zm\u00edtan\u00e9 Ukrajiny.&nbsp;Jejich po\u010det se odhaduje u\u017e na v\u00edce ne\u017e 200 tis\u00edc. P\u0159ibli\u017en\u011b 60 procent jsou d\u011bti, 80 procent dosp\u011bl\u00e9 populace tvo\u0159\u00ed \u017eeny. Kraj\u016fm v&nbsp;\u010cesku u\u017e ale doch\u00e1zej\u00ed ubytovac\u00ed kapacity pro dal\u0161\u00ed b\u011b\u017eence. Kritick\u00e1 situace je hlavn\u011b v Praze, Brn\u011b a St\u0159edo\u010desk\u00e9m kraji. Vl\u00e1da situaci \u0159e\u0161\u00ed s&nbsp;kraji.<a href=\"https:\/\/cesky.radio.cz\/sites\/default\/files\/styles\/lightbox\/public\/images\/f7213e5af12ee076ca32caf862d2038a.jpg?itok=pMeOgNqp&amp;timestamp=1647263101\">&nbsp;<\/a>Petr Fiala|Foto: \u00da\u0159ad vl\u00e1dy \u010cR<\/p>\n\n\n\n<p>Vl\u00e1da v sobotu nazna\u010dila, \u017ee ubytovac\u00ed kapacita pro ukrajinsk\u00e9 uprchl\u00edky bude do \u010dtrn\u00e1cti dn\u016f vy\u010derp\u00e1na.&nbsp;<em>\u201ePrvn\u00ed vlna, kter\u00e1 sem p\u0159ich\u00e1zela, \u010dasto vzhledem k siln\u00e9 ukrajinsk\u00e9 komunit\u011b p\u0159ich\u00e1zeli k p\u0159\u00edbuzn\u00fdm a m\u011bli ubytov\u00e1n\u00ed. Ta nov\u00e1 vlna je jin\u00e1. P\u0159ich\u00e1z\u00ed sem lid\u00e9, kte\u0159\u00ed p\u0159\u00edbuzn\u00e9 nemaj\u00ed. Mus\u00edme vyu\u017e\u00edt v\u0161echny kapacity,\u201c<\/em>&nbsp;\u0159ekl v&nbsp;ned\u011bli premi\u00e9r Petr Fiala (ODS).<\/p>\n\n\n\n<p>Pokud bude konflikt d\u00e1l eskalovat, je podle vl\u00e1dy pravd\u011bpodobn\u00e9, \u017ee lid\u00e9 budou d\u00e1le p\u0159ich\u00e1zet a bude nutn\u00e9 se o n\u011b postarat.&nbsp;Kabinet&nbsp;proto po\u010d\u00edt\u00e1 i s budov\u00e1n\u00edm provizorn\u00edch humanit\u00e1rn\u00edch ubytoven. Nap\u0159\u00edklad hejtmanka St\u0159edo\u010desk\u00e9ho kraje Petra Peckov\u00e1 (STAN) \u010cesk\u00e9mu rozhlasu \u0159ekla, \u017ee kraj chce nouzov\u00e9 ubytov\u00e1n\u00ed pro uprchl\u00edky z\u0159\u00eddit, ale chyb\u00ed jim spac\u00ed pytle, karimatky a leh\u00e1tka. Kraj proto vyhl\u00e1s\u00ed ve\u0159ejnou sb\u00edrku.<\/p>\n\n\n\n<p>Peckov\u00e1 dodala, \u017ee takov\u00e9 ubytov\u00e1n\u00ed by m\u011blo b\u00fdt jen do\u010dasn\u00e9. Stejn\u011b jako ostatn\u00ed hejtmani chce do ubytov\u00e1n\u00ed b\u011b\u017eenc\u016f v\u00edce zapojit soukrom\u00fd sektor.<a href=\"https:\/\/cesky.radio.cz\/sites\/default\/files\/styles\/lightbox\/public\/images\/947965eab49559dc5d976ca7576c0c71.jpg?itok=jngl5WK4&amp;timestamp=1647267596\">&nbsp;<\/a>Foto: Barbora Ta\u0161evsk\u00e1, \u010cesk\u00fd rozhlas<\/p>\n\n\n\n<p><em>\u201ePova\u017euji za kl\u00ed\u010dov\u00e9 podpo\u0159it soukrom\u00e9 ubytovatele. To je pro integraci nejlep\u0161\u00ed. Uprchlick\u00e9 t\u00e1bory jsou slo\u017eit\u00e9 jak na provoz, tak na n\u00e1slednou pr\u00e1ci s uprchl\u00edky. Kompenzace pro ty, kte\u0159\u00ed ubytuj\u00ed uprchl\u00edky ve sv\u00e9m velk\u00e9m byt\u011b \u010di dom\u011b nebo v dal\u0161\u00edm objektu, kter\u00fd maj\u00ed, jsou nejlep\u0161\u00ed investic\u00ed. Pomohou t\u0159eba lidem l\u00e9pe zvl\u00e1dat r\u016fst cen energi\u00ed a dal\u0161\u00edch v\u011bc\u00ed,&#8221;<\/em>&nbsp;uvedla.<\/p>\n\n\n\n<p>Kraj m\u00e1 podle n\u00ed celou \u0159adu nab\u00eddek na ubytov\u00e1n\u00ed Ukrajinc\u016f od soukrom\u00fdch osob. \u201e<em>Jsou to sp\u00ed\u0161 rodinn\u00e9 nemovitosti, domy. A v&nbsp;nich jsou velmi \u010dasto t\u0159eba senio\u0159i nebo rodi\u010de samo\u017eivitel\u00e9. Oni nab\u00edzej\u00ed \u010d\u00e1st nemovitost\u00ed, ale nemohou te\u010f na sv\u00fdch bedrech n\u00e9st n\u00e1klady nap\u0159\u00edklad na vyt\u00e1p\u011bn\u00ed, na plyn, elekt\u0159inu, vodu a tak d\u00e1le,<\/em>\u201c dodala pro \u010cesk\u00fd rozhlas.<\/p>\n\n\n\n<h2 class=\"wp-block-heading\">Nav\u00fd\u0161en\u00ed kompenzace<\/h2>\n\n\n\n<p>Vl\u00e1da o dlouhodob\u011bj\u0161\u00edm \u0159e\u0161en\u00ed ubytov\u00e1n\u00ed ukrajinsk\u00fdch b\u011b\u017eenc\u016f jedn\u00e1 pr\u00e1v\u011b se z\u00e1stupci kraj\u016f. Ti upozor\u0148uj\u00ed, \u017ee schv\u00e1len\u00e1 kompenzace pro ubytovatele b\u011b\u017eenc\u016f je p\u0159\u00edli\u0161 mal\u00e1.&nbsp;Po\u010d\u00edt\u00e1 se t\u0159emi typy podle d\u00e9lky pobytu a kvality ubytov\u00e1n\u00ed. Pro nouzov\u00e9 p\u0159\u00edst\u0159e\u0161\u00ed do 30 dn\u016f by byl st\u00e1tn\u00ed p\u0159\u00edsp\u011bvek 180 korun i se stravou, pro nouzov\u00e9 ubytov\u00e1n\u00ed do t\u0159\u00ed m\u011bs\u00edc\u016f 180 korun bez zahrnut\u00ed stravy. Ubytov\u00e1n\u00ed v rodin\u00e1ch by m\u011bl doprov\u00e1zet motiva\u010dn\u00ed p\u0159\u00edsp\u011bvek pro hostitele, jeho\u017e v\u00fd\u0161e zat\u00edm nebyla stanovena.<\/p>\n\n\n\n<p>\u0160\u00e9fov\u00e9 kraj\u016f cht\u011bj\u00ed \u010d\u00e1stku 180 korun na den zv\u00fd\u0161it na 250 nebo 270 korun. Uvedl to jihomoravsk\u00fd hejtman Jan Grolich (KDU-\u010cSL). Podle n\u011bj je \u010d\u00e1stka stanoven\u00e1 vl\u00e1dou n\u00edzk\u00e1 a hotely a penziony, kde jsou u\u017e n\u011bkte\u0159\u00ed uprchl\u00edci ubytovan\u00ed, na n\u011b cenu nesn\u00ed\u017e\u00ed.<a href=\"https:\/\/cesky.radio.cz\/sites\/default\/files\/styles\/lightbox\/public\/images\/979c15834af906076aa76db4d2fd5152.jpg?itok=OhpJvbin&amp;timestamp=1647350957\">&nbsp;<\/a>Foto: M\u011bsto Vset\u00edn<\/p>\n\n\n\n<p>Z d\u016fvodu nedostatku pen\u011bz se tak i tito uprchl\u00edci p\u0159esunou z hotel\u016f do t\u011blocvi\u010den. Nap\u0159\u00edklad&nbsp;v Brn\u011b u\u017e na\u0161lo skoro 600 uprchl\u00edk\u016f nocleh v asisten\u010dn\u00edm centru na v\u00fdstavi\u0161ti. Dal\u0161\u00ed najdou z\u00e1zem\u00ed v t\u011blocvi\u010dn\u00e1ch, p\u0159ipraven\u00e9 jsou nap\u0159\u00edklad v Hodon\u00edn\u011b nebo Mikulov\u011b, dal\u0161\u00ed se chyst\u00e1 ve Znojm\u011b.<\/p>\n\n\n\n<p>Tak\u00e9 v Praze u\u017e bydl\u00ed n\u011bkolik stovek Ukrajinc\u016f v t\u011blocvi\u010dn\u00e1ch. Pa\u017esk\u00fd magistr\u00e1t kv\u016fli nedostatku kapacit u\u017e minul\u00fd t\u00fdden vyzval 22 velk\u00fdch m\u011bstsk\u00fdch \u010d\u00e1st\u00ed o uvoln\u011bn\u00ed prostor\u016f t\u011blocvi\u010den. Ka\u017ed\u00e1 m\u011bstsk\u00e1 \u010d\u00e1st m\u011bla za \u00fakol p\u0159ipravit 100 l\u016f\u017eek.<\/p>\n\n\n\n<p>Podle p\u0159edsedy Asociace kraj\u016f \u010cR Martina Kuby (ODS) by pomohlo i vytvo\u0159en\u00ed vl\u00e1dn\u00edho programu, ze kter\u00e9ho by mohly obce \u010derpat pen\u00edze na rekonstrukci objekt\u016f, kter\u00e9 nyn\u00ed nevyu\u017e\u00edvaj\u00ed. \u0160lo by podle n\u011bj o rekonstrukce, na nich\u017e by d\u011bln\u00edci pracovali jen p\u00e1r t\u00fddn\u016f.<\/p>\n\n\n\n<p>&#8220;<em>Obce \u010dasto maj\u00ed objekty, kter\u00e9 z\u016fst\u00e1vaj\u00ed pr\u00e1zdn\u00e9. Pot\u0159ebovaly by drobnou rekonstrukci a t\u00edm by vzniklo v uvozovk\u00e1ch jednoduch\u00e9 ubytov\u00e1n\u00ed<\/em>,&#8221; uvedl. Kraje podle n\u011bj prosazuj\u00ed plo\u0161n\u00e9 rozm\u00edst\u011bn\u00ed uprchl\u00edk\u016f po republice. Cht\u011bj\u00ed t\u00edm rozlo\u017eit z\u00e1t\u011b\u017e na v\u0161echny obce a m\u011bsta.<\/p>\n\n\n\n<h2 class=\"wp-block-heading\">P\u0159\u00edprava na dal\u0161\u00ed p\u0159\u00edsun uprchl\u00edk\u016f<\/h2>\n\n\n\n<p><a href=\"https:\/\/cesky.radio.cz\/sites\/default\/files\/styles\/lightbox\/public\/images\/b2e184fdd9130da09fb612c933ff1090.jpg?itok=zRoQlIzC&amp;timestamp=1647348090\">&nbsp;<\/a>Foto: Ren\u00e9 Volf\u00edk, iROZHLAS.cz<\/p>\n\n\n\n<p>Ministerstvo obrany zva\u017euje vybudov\u00e1n\u00ed stanov\u00fdch m\u011bste\u010dek pro uprchl\u00edky. Kapacitu by m\u011bly m\u00edt kolem \u010dty\u0159 stovek lid\u00ed a na starosti by je m\u011bla arm\u00e1da. Kraje u\u017e maj\u00ed vytipovan\u00e9 lokality, kde by mohly vzniknout. Mus\u00ed m\u00edt p\u0159ipojen\u00ed na kanalizaci, elekt\u0159inu, mohlo by j\u00edt t\u0159eba o b\u00fdval\u00e9 vojensk\u00e9 prostory.<\/p>\n\n\n\n<p>\u010cesko u\u017e tak\u00e9 po\u017e\u00e1dalo o pomoc se zaji\u0161t\u011bn\u00edm ubytov\u00e1n\u00ed uprchl\u00edk\u016f z&nbsp;Ukrajiny Evropskou unii. Ministr vnitra V\u00edt Raku\u0161an (STAN) uvedl, \u017ee \u010cR \u017e\u00e1d\u00e1 prost\u0159ednictv\u00edm mechanismu civiln\u00ed ochrany Unie o 25 humanit\u00e1rn\u00edch modul\u00e1rn\u00edch z\u00e1kladen, ve kter\u00fdch by bylo mo\u017en\u00e9 ubytovat a\u017e 50 tis\u00edc uprchl\u00edk\u016f. Gener\u00e1ln\u00ed \u0159editel Hasi\u010dsk\u00e9ho z\u00e1chrann\u00e9ho sboru Vladim\u00edr Vl\u010dek popsal tyto moduly jako vyt\u00e1p\u011bn\u00e9 stany, vybaven\u00e9 gener\u00e1torem elektrick\u00e9 energie, hygienick\u00fdm za\u0159\u00edzen\u00edm, pop\u0159\u00edpad\u011b poln\u00ed kuchyn\u00ed a prostory pro z\u00e1kladn\u00ed spole\u010densk\u00e9 aktivity.<a href=\"https:\/\/cesky.radio.cz\/sites\/default\/files\/styles\/lightbox\/public\/images\/1067c94260be52687c1deafda52e91c0.jpg?itok=bpwZo0Jk&amp;timestamp=1647263638\">&nbsp;<\/a>Vicepremi\u00e9r a ministr vnitra V\u00edt Raku\u0161an (STAN) na vl\u00e1dn\u00ed tiskov\u00e9 konferenc\u00ed|Foto: Ren\u00e9 Volf\u00edk, iROZHLAS.cz<\/p>\n\n\n\n<p>Ubytov\u00e1n\u00ed v&nbsp;t\u011bchto obytn\u00fdch kontejnerech st\u00e1t podle ministra vnitra pou\u017eije, jakmile dojdou kapacity v t\u011blocvi\u010dn\u00e1ch a kamenn\u00fdch budov\u00e1ch. Podle Vl\u010dka ale \u010cesko zat\u00edm odpov\u011b\u010f z Evropsk\u00e9 unie na \u017e\u00e1dost o modul\u00e1rn\u00ed humanit\u00e1rn\u00ed z\u00e1kladny nem\u00e1. V z\u00e1loze je \u017e\u00e1dost p\u0159es NATO.<\/p>\n\n\n\n<p>Neziskov\u00e1 organizace \u010clov\u011bk v t\u00edsni navrhuje st\u00e1tu a samospr\u00e1v\u00e1m p\u0159ipravit pro ubytov\u00e1n\u00ed uprchl\u00edk\u016f z Ukrajiny postupn\u011b \u010dty\u0159i typy ubytov\u00e1n\u00ed od hotelov\u00e9ho a\u017e po v\u00fdstavbu modul\u00e1rn\u00edch dom\u016f s p\u011bti bytov\u00fdmi jednotkami, kde by rodiny uprchl\u00edk\u016f mohly \u017e\u00edt i n\u011bkolik let. Pozd\u011bji by tyto domy mohly slou\u017eit jako soci\u00e1ln\u00ed bytov\u00fd fond.Autor:<a href=\"https:\/\/cesky.radio.cz\/katka-brezovska-8099604\">Katka Brezovsk\u00e1<\/a><\/p>\n","protected":false},"excerpt":{"rendered":"<p>Do \u010ceska ka\u017ed\u00fdm dnem putuj\u00ed tis\u00edce uprchl\u00edk\u016f z&nbsp;v\u00e1lkou zm\u00edtan\u00e9 Ukrajiny.&nbsp;Jejich po\u010det se odhaduje u\u017e na v\u00edce ne\u017e 200 tis\u00edc. P\u0159ibli\u017en\u011b 60 procent jsou d\u011bti, 80 procent dosp\u011bl\u00e9 populace tvo\u0159\u00ed \u017eeny. Kraj\u016fm v&nbsp;\u010cesku u\u017e ale doch\u00e1zej\u00ed ubytovac\u00ed kapacity pro dal\u0161\u00ed b\u011b\u017eence. Kritick\u00e1 situace je hlavn\u011b v Praze, Brn\u011b a St\u0159edo\u010desk\u00e9m kraji. Vl\u00e1da situaci \u0159e\u0161\u00ed s&nbsp;kraji.&nbsp;Petr Fiala|Foto:&#8230;<\/p>\n","protected":false},"author":1,"featured_media":5670,"comment_status":"open","ping_status":"open","sticky":false,"template":"","format":"standard","meta":{"_monsterinsights_skip_tracking":false,"_monsterinsights_sitenote_active":false,"_monsterinsights_sitenote_note":"","_monsterinsights_sitenote_category":0,"footnotes":""},"categories":[405],"tags":[],"class_list":["post-5669","post","type-post","status-publish","format-standard","has-post-thumbnail","hentry","category-regionalni-zpravy"],"_links":{"self":[{"href":"https:\/\/orer.eu\/cs\/wp-json\/wp\/v2\/posts\/5669","targetHints":{"allow":["GET"]}}],"collection":[{"href":"https:\/\/orer.eu\/cs\/wp-json\/wp\/v2\/posts"}],"about":[{"href":"https:\/\/orer.eu\/cs\/wp-json\/wp\/v2\/types\/post"}],"author":[{"embeddable":true,"href":"https:\/\/orer.eu\/cs\/wp-json\/wp\/v2\/users\/1"}],"replies":[{"embeddable":true,"href":"https:\/\/orer.eu\/cs\/wp-json\/wp\/v2\/comments?post=5669"}],"version-history":[{"count":1,"href":"https:\/\/orer.eu\/cs\/wp-json\/wp\/v2\/posts\/5669\/revisions"}],"predecessor-version":[{"id":5674,"href":"https:\/\/orer.eu\/cs\/wp-json\/wp\/v2\/posts\/5669\/revisions\/5674"}],"wp:featuredmedia":[{"embeddable":true,"href":"https:\/\/orer.eu\/cs\/wp-json\/wp\/v2\/media\/5670"}],"wp:attachment":[{"href":"https:\/\/orer.eu\/cs\/wp-json\/wp\/v2\/media?parent=5669"}],"wp:term":[{"taxonomy":"category","embeddable":true,"href":"https:\/\/orer.eu\/cs\/wp-json\/wp\/v2\/categories?post=5669"},{"taxonomy":"post_tag","embeddable":true,"href":"https:\/\/orer.eu\/cs\/wp-json\/wp\/v2\/tags?post=5669"}],"curies":[{"name":"wp","href":"https:\/\/api.w.org\/{rel}","templated":true}]}}