{"id":53670,"date":"2024-02-27T22:39:26","date_gmt":"2024-02-27T19:39:26","guid":{"rendered":"https:\/\/orer.eu\/?p=53670"},"modified":"2024-02-27T23:16:01","modified_gmt":"2024-02-27T20:16:01","slug":"den-lidovych-kroju-ve-snemovne","status":"publish","type":"post","link":"https:\/\/orer.eu\/cs\/2024\/02\/27\/den-lidovych-kroju-ve-snemovne\/","title":{"rendered":"Den lidov\u00fdch kroj\u016f ve Sn\u011bmovn\u011b"},"content":{"rendered":"\n<p>\u0158ada poslanky\u0148 a poslanc\u016f dnes p\u0159i\u0161la do Poslaneck\u00e9 sn\u011bmovny oble\u010dena v&nbsp;kroji. Den lidov\u00fdch kroj\u016f ve Sn\u011bmovn\u011b zah\u00e1jila vernis\u00e1\u017e v\u00fdstavy, kter\u00e1 p\u0159edstavuje pades\u00e1t nov\u011b zhotoven\u00fdch \u017eensk\u00fdch, mu\u017esk\u00fdch i d\u011btsk\u00fdch kompletn\u00edch ob\u0159adn\u00edch a sv\u00e1te\u010dn\u00ed kroj\u016f tak, jak vypadaly jejich historick\u00e9 p\u0159edlohy v letech 1820-1920, tedy v dob\u011b vrcholn\u00e9 f\u00e1ze sv\u00e9ho v\u00fdvoje.&nbsp;Na z\u00e1klad\u011b n\u00e1vrh\u016f&nbsp;etnografky Romany Habartov\u00e9 byly zhotoveny v ned\u00e1vn\u00e9 dob\u011b a pod\u00edlelo se na nich v\u00edce ne\u017e&nbsp;pades\u00e1t tv\u016frc\u016f ze Zl\u00ednsk\u00e9ho kraje.&nbsp;Z\u00e1\u0161titu nad v\u00fdstavou p\u0159evzali vedouc\u00ed Kancel\u00e1\u0159e Poslaneck\u00e9 sn\u011bmovny Martin Pl\u00ed\u0161ek, poslanec Radek Vondr\u00e1\u010dek a poslankyn\u011b Margita Bala\u0161t\u00edkov\u00e1.<\/p>\n\n\n\n<p>Soubor, kter\u00fd je vystaven ve sn\u011bmovn\u00ed Dvoran\u011b, poukazuje na&nbsp;genialitu a kreativitu tv\u016frc\u016f krojov\u00fdch sou\u010d\u00e1st\u00ed \u2013 krej\u010d\u00edch, \u0161vadlen, vy\u0161\u00edva\u010dek, obuvn\u00edk\u016f a modist\u016f, stejn\u011b tak na&nbsp;mimo\u0159\u00e1dnou krojovou rozmanitost na\u0161eho \u00fazem\u00ed.&nbsp;Je poctou poctiv\u00e9 ru\u010dn\u00ed pr\u00e1ci a oslavou v\u0161ech nositel\u016f, kte\u0159\u00ed kroje opatruj\u00ed, po\u0159izuj\u00ed a pod\u00edlej\u00ed se t\u00edm na uchov\u00e1v\u00e1n\u00ed na\u0161ich region\u00e1ln\u00edch a n\u00e1rodn\u00edch tradic.<\/p>\n\n\n\n<p>Krom\u011b region\u00e1ln\u00edch kroj\u016f, kter\u00e9 jsou dosud \u017eiv\u00fdm projevem tradic a kultury v jednotliv\u00fdch oblastech \u010ceska, si p\u0159\u00edtomn\u00ed kr\u00e1tce p\u0159ipomn\u011bli i fenom\u00e9n tzv. \u010damary, spadaj\u00edc\u00ed do 19. stolet\u00ed. Jednalo se o pokus vytvo\u0159it univerz\u00e1ln\u00ed reprezenta\u010dn\u00ed \u010desk\u00fd n\u00e1rodn\u00ed od\u011bv, kter\u00fd by demonstroval my\u0161lenku n\u00e1rodn\u00ed emancipace. \u010camara se stala sou\u010d\u00e1st\u00ed vlasteneck\u00fdch oficialit ve\u0159ejn\u00fdch, jako byly oslavy a b\u00e1ly, tak soukrom\u00fdch, kup\u0159\u00edkladu svateb. Je\u0161t\u011b z dob po\u010d\u00e1tk\u016f \u010ceskoslovenska lze nal\u00e9zt v Archivu Poslaneck\u00e9 sn\u011bmovny ofici\u00e1ln\u00ed sn\u00edmky n\u011bkter\u00fdch poslanc\u016f v \u010dama\u0159e.<\/p>\n\n\n\n<p>orer.eu<\/p>\n\n\n\n<p>FOTO- Hakob Khojayan,  <a href=\"https:\/\/psp.cz\/sqw\/cms.sqw?z=18711\"> (psp.cz)<\/a><\/p>\n\n\n\n<figure class=\"wp-block-gallery has-nested-images columns-default is-cropped wp-block-gallery-1 is-layout-flex wp-block-gallery-is-layout-flex\">\n<figure class=\"wp-block-image size-large\"><img loading=\"lazy\" decoding=\"async\" width=\"1024\" height=\"682\" data-id=\"53711\" src=\"https:\/\/orer.eu\/wp-content\/uploads\/2024\/02\/Den-lidovych-kroju99-1024x682.jpg\" alt=\"\" class=\"wp-image-53711\" srcset=\"https:\/\/orer.eu\/wp-content\/uploads\/2024\/02\/Den-lidovych-kroju99-1024x682.jpg 1024w, https:\/\/orer.eu\/wp-content\/uploads\/2024\/02\/Den-lidovych-kroju99-300x200.jpg 300w, https:\/\/orer.eu\/wp-content\/uploads\/2024\/02\/Den-lidovych-kroju99-768x512.jpg 768w, https:\/\/orer.eu\/wp-content\/uploads\/2024\/02\/Den-lidovych-kroju99.jpg 1400w\" sizes=\"auto, (max-width: 1024px) 100vw, 1024px\" \/><\/figure>\n\n\n\n<figure class=\"wp-block-image size-large\"><img loading=\"lazy\" decoding=\"async\" width=\"1024\" height=\"682\" data-id=\"53707\" src=\"https:\/\/orer.eu\/wp-content\/uploads\/2024\/02\/Den-lidovych-kroju11-1024x682.jpg\" alt=\"\" class=\"wp-image-53707\" srcset=\"https:\/\/orer.eu\/wp-content\/uploads\/2024\/02\/Den-lidovych-kroju11-1024x682.jpg 1024w, https:\/\/orer.eu\/wp-content\/uploads\/2024\/02\/Den-lidovych-kroju11-300x200.jpg 300w, https:\/\/orer.eu\/wp-content\/uploads\/2024\/02\/Den-lidovych-kroju11-768x512.jpg 768w, https:\/\/orer.eu\/wp-content\/uploads\/2024\/02\/Den-lidovych-kroju11.jpg 1400w\" sizes=\"auto, (max-width: 1024px) 100vw, 1024px\" \/><\/figure>\n\n\n\n<figure class=\"wp-block-image size-large\"><img loading=\"lazy\" decoding=\"async\" width=\"1024\" height=\"682\" data-id=\"53703\" src=\"https:\/\/orer.eu\/wp-content\/uploads\/2024\/02\/Den-lidovych-kroju10-1024x682.jpg\" alt=\"\" class=\"wp-image-53703\" srcset=\"https:\/\/orer.eu\/wp-content\/uploads\/2024\/02\/Den-lidovych-kroju10-1024x682.jpg 1024w, https:\/\/orer.eu\/wp-content\/uploads\/2024\/02\/Den-lidovych-kroju10-300x200.jpg 300w, https:\/\/orer.eu\/wp-content\/uploads\/2024\/02\/Den-lidovych-kroju10-768x512.jpg 768w, https:\/\/orer.eu\/wp-content\/uploads\/2024\/02\/Den-lidovych-kroju10.jpg 1400w\" sizes=\"auto, (max-width: 1024px) 100vw, 1024px\" \/><\/figure>\n\n\n\n<figure class=\"wp-block-image size-large\"><img loading=\"lazy\" decoding=\"async\" width=\"1024\" height=\"682\" data-id=\"53699\" src=\"https:\/\/orer.eu\/wp-content\/uploads\/2024\/02\/Den-lidovych-kroju9-1024x682.jpg\" alt=\"\" class=\"wp-image-53699\" srcset=\"https:\/\/orer.eu\/wp-content\/uploads\/2024\/02\/Den-lidovych-kroju9-1024x682.jpg 1024w, https:\/\/orer.eu\/wp-content\/uploads\/2024\/02\/Den-lidovych-kroju9-300x200.jpg 300w, https:\/\/orer.eu\/wp-content\/uploads\/2024\/02\/Den-lidovych-kroju9-768x512.jpg 768w, https:\/\/orer.eu\/wp-content\/uploads\/2024\/02\/Den-lidovych-kroju9.jpg 1400w\" sizes=\"auto, (max-width: 1024px) 100vw, 1024px\" \/><\/figure>\n\n\n\n<figure class=\"wp-block-image size-large\"><img loading=\"lazy\" decoding=\"async\" width=\"1024\" height=\"682\" data-id=\"53695\" src=\"https:\/\/orer.eu\/wp-content\/uploads\/2024\/02\/Den-lidovych-kroju8-1024x682.jpg\" alt=\"\" class=\"wp-image-53695\" srcset=\"https:\/\/orer.eu\/wp-content\/uploads\/2024\/02\/Den-lidovych-kroju8-1024x682.jpg 1024w, https:\/\/orer.eu\/wp-content\/uploads\/2024\/02\/Den-lidovych-kroju8-300x200.jpg 300w, https:\/\/orer.eu\/wp-content\/uploads\/2024\/02\/Den-lidovych-kroju8-768x512.jpg 768w, https:\/\/orer.eu\/wp-content\/uploads\/2024\/02\/Den-lidovych-kroju8.jpg 1400w\" sizes=\"auto, (max-width: 1024px) 100vw, 1024px\" \/><\/figure>\n\n\n\n<figure class=\"wp-block-image size-large\"><img loading=\"lazy\" decoding=\"async\" width=\"1024\" height=\"768\" data-id=\"53691\" src=\"https:\/\/orer.eu\/wp-content\/uploads\/2024\/02\/Den-lidovych-kroju7-1024x768.jpg\" alt=\"\" class=\"wp-image-53691\" srcset=\"https:\/\/orer.eu\/wp-content\/uploads\/2024\/02\/Den-lidovych-kroju7-1024x768.jpg 1024w, https:\/\/orer.eu\/wp-content\/uploads\/2024\/02\/Den-lidovych-kroju7-300x225.jpg 300w, https:\/\/orer.eu\/wp-content\/uploads\/2024\/02\/Den-lidovych-kroju7-768x576.jpg 768w, https:\/\/orer.eu\/wp-content\/uploads\/2024\/02\/Den-lidovych-kroju7-1536x1152.jpg 1536w, https:\/\/orer.eu\/wp-content\/uploads\/2024\/02\/Den-lidovych-kroju7-800x600.jpg 800w, https:\/\/orer.eu\/wp-content\/uploads\/2024\/02\/Den-lidovych-kroju7.jpg 2000w\" sizes=\"auto, (max-width: 1024px) 100vw, 1024px\" \/><\/figure>\n\n\n\n<figure class=\"wp-block-image size-large\"><img loading=\"lazy\" decoding=\"async\" width=\"1024\" height=\"768\" data-id=\"53687\" src=\"https:\/\/orer.eu\/wp-content\/uploads\/2024\/02\/Den-lidovych-kroju6-1024x768.jpg\" alt=\"\" class=\"wp-image-53687\" srcset=\"https:\/\/orer.eu\/wp-content\/uploads\/2024\/02\/Den-lidovych-kroju6-1024x768.jpg 1024w, https:\/\/orer.eu\/wp-content\/uploads\/2024\/02\/Den-lidovych-kroju6-300x225.jpg 300w, https:\/\/orer.eu\/wp-content\/uploads\/2024\/02\/Den-lidovych-kroju6-768x576.jpg 768w, https:\/\/orer.eu\/wp-content\/uploads\/2024\/02\/Den-lidovych-kroju6-1536x1152.jpg 1536w, https:\/\/orer.eu\/wp-content\/uploads\/2024\/02\/Den-lidovych-kroju6-800x600.jpg 800w, https:\/\/orer.eu\/wp-content\/uploads\/2024\/02\/Den-lidovych-kroju6.jpg 2000w\" sizes=\"auto, (max-width: 1024px) 100vw, 1024px\" \/><\/figure>\n\n\n\n<figure class=\"wp-block-image size-large\"><img loading=\"lazy\" decoding=\"async\" width=\"768\" height=\"1024\" data-id=\"53683\" src=\"https:\/\/orer.eu\/wp-content\/uploads\/2024\/02\/Den-lidovych-kroju5-768x1024.jpg\" alt=\"\" class=\"wp-image-53683\" srcset=\"https:\/\/orer.eu\/wp-content\/uploads\/2024\/02\/Den-lidovych-kroju5-768x1024.jpg 768w, https:\/\/orer.eu\/wp-content\/uploads\/2024\/02\/Den-lidovych-kroju5-225x300.jpg 225w, https:\/\/orer.eu\/wp-content\/uploads\/2024\/02\/Den-lidovych-kroju5-1152x1536.jpg 1152w, https:\/\/orer.eu\/wp-content\/uploads\/2024\/02\/Den-lidovych-kroju5-30x40.jpg 30w, https:\/\/orer.eu\/wp-content\/uploads\/2024\/02\/Den-lidovych-kroju5.jpg 1500w\" sizes=\"auto, (max-width: 768px) 100vw, 768px\" \/><\/figure>\n\n\n\n<figure class=\"wp-block-image size-large\"><img loading=\"lazy\" decoding=\"async\" width=\"768\" height=\"1024\" data-id=\"53675\" src=\"https:\/\/orer.eu\/wp-content\/uploads\/2024\/02\/Den-lidovych-kroju3-768x1024.jpg\" alt=\"\" class=\"wp-image-53675\" srcset=\"https:\/\/orer.eu\/wp-content\/uploads\/2024\/02\/Den-lidovych-kroju3-768x1024.jpg 768w, https:\/\/orer.eu\/wp-content\/uploads\/2024\/02\/Den-lidovych-kroju3-225x300.jpg 225w, https:\/\/orer.eu\/wp-content\/uploads\/2024\/02\/Den-lidovych-kroju3-1152x1536.jpg 1152w, https:\/\/orer.eu\/wp-content\/uploads\/2024\/02\/Den-lidovych-kroju3-30x40.jpg 30w, https:\/\/orer.eu\/wp-content\/uploads\/2024\/02\/Den-lidovych-kroju3.jpg 1500w\" sizes=\"auto, (max-width: 768px) 100vw, 768px\" \/><\/figure>\n\n\n\n<figure class=\"wp-block-image size-large\"><img loading=\"lazy\" decoding=\"async\" width=\"768\" height=\"1024\" data-id=\"53671\" src=\"https:\/\/orer.eu\/wp-content\/uploads\/2024\/02\/Den-lidovych-kroju2-768x1024.jpg\" alt=\"\" class=\"wp-image-53671\" srcset=\"https:\/\/orer.eu\/wp-content\/uploads\/2024\/02\/Den-lidovych-kroju2-768x1024.jpg 768w, https:\/\/orer.eu\/wp-content\/uploads\/2024\/02\/Den-lidovych-kroju2-225x300.jpg 225w, https:\/\/orer.eu\/wp-content\/uploads\/2024\/02\/Den-lidovych-kroju2-1152x1536.jpg 1152w, https:\/\/orer.eu\/wp-content\/uploads\/2024\/02\/Den-lidovych-kroju2-30x40.jpg 30w, https:\/\/orer.eu\/wp-content\/uploads\/2024\/02\/Den-lidovych-kroju2.jpg 1500w\" sizes=\"auto, (max-width: 768px) 100vw, 768px\" \/><\/figure>\n<\/figure>\n","protected":false},"excerpt":{"rendered":"<p>\u0158ada poslanky\u0148 a poslanc\u016f dnes p\u0159i\u0161la do Poslaneck\u00e9 sn\u011bmovny oble\u010dena v&nbsp;kroji. Den lidov\u00fdch kroj\u016f ve Sn\u011bmovn\u011b zah\u00e1jila vernis\u00e1\u017e v\u00fdstavy, kter\u00e1 p\u0159edstavuje pades\u00e1t nov\u011b zhotoven\u00fdch \u017eensk\u00fdch, mu\u017esk\u00fdch i d\u011btsk\u00fdch kompletn\u00edch ob\u0159adn\u00edch a sv\u00e1te\u010dn\u00ed kroj\u016f tak, jak vypadaly jejich historick\u00e9 p\u0159edlohy v letech 1820-1920, tedy v dob\u011b vrcholn\u00e9 f\u00e1ze sv\u00e9ho v\u00fdvoje.&nbsp;Na z\u00e1klad\u011b n\u00e1vrh\u016f&nbsp;etnografky Romany Habartov\u00e9 byly zhotoveny&#8230;<\/p>\n","protected":false},"author":1,"featured_media":53679,"comment_status":"open","ping_status":"open","sticky":false,"template":"","format":"standard","meta":{"_monsterinsights_skip_tracking":false,"_monsterinsights_sitenote_active":false,"_monsterinsights_sitenote_note":"","_monsterinsights_sitenote_category":0,"footnotes":""},"categories":[153,133,998],"tags":[3725,3724],"class_list":["post-53670","post","type-post","status-publish","format-standard","has-post-thumbnail","hentry","category-czech-republic-cs","category-czech-armenian-news-cs","category-novinky","tag-den-lidovych-kroju","tag-poslanecka-snemovna"],"_links":{"self":[{"href":"https:\/\/orer.eu\/cs\/wp-json\/wp\/v2\/posts\/53670","targetHints":{"allow":["GET"]}}],"collection":[{"href":"https:\/\/orer.eu\/cs\/wp-json\/wp\/v2\/posts"}],"about":[{"href":"https:\/\/orer.eu\/cs\/wp-json\/wp\/v2\/types\/post"}],"author":[{"embeddable":true,"href":"https:\/\/orer.eu\/cs\/wp-json\/wp\/v2\/users\/1"}],"replies":[{"embeddable":true,"href":"https:\/\/orer.eu\/cs\/wp-json\/wp\/v2\/comments?post=53670"}],"version-history":[{"count":4,"href":"https:\/\/orer.eu\/cs\/wp-json\/wp\/v2\/posts\/53670\/revisions"}],"predecessor-version":[{"id":53731,"href":"https:\/\/orer.eu\/cs\/wp-json\/wp\/v2\/posts\/53670\/revisions\/53731"}],"wp:featuredmedia":[{"embeddable":true,"href":"https:\/\/orer.eu\/cs\/wp-json\/wp\/v2\/media\/53679"}],"wp:attachment":[{"href":"https:\/\/orer.eu\/cs\/wp-json\/wp\/v2\/media?parent=53670"}],"wp:term":[{"taxonomy":"category","embeddable":true,"href":"https:\/\/orer.eu\/cs\/wp-json\/wp\/v2\/categories?post=53670"},{"taxonomy":"post_tag","embeddable":true,"href":"https:\/\/orer.eu\/cs\/wp-json\/wp\/v2\/tags?post=53670"}],"curies":[{"name":"wp","href":"https:\/\/api.w.org\/{rel}","templated":true}]}}