{"id":4828,"date":"2019-09-14T14:32:00","date_gmt":"2019-09-14T11:32:00","guid":{"rendered":"https:\/\/orer.eu\/orer_rebrended\/?p=4828"},"modified":"2022-02-14T14:36:40","modified_gmt":"2022-02-14T11:36:40","slug":"svet-knihy-plzen-letos-s-rozsirenou-nabidkou-zanru-a-temat","status":"publish","type":"post","link":"https:\/\/orer.eu\/cs\/2019\/09\/14\/svet-knihy-plzen-letos-s-rozsirenou-nabidkou-zanru-a-temat\/","title":{"rendered":"Sv\u011bt knihy Plze\u0148 \u2013 letos s roz\u0161\u00ed\u0159enou nab\u00eddkou \u017e\u00e1nr\u016f a t\u00e9mat"},"content":{"rendered":"\n<p><em>Lo\u0148sk\u00fd premi\u00e9rov\u00fd ro\u010dn\u00edk mezin\u00e1rodn\u00edho kni\u017en\u00edho veletrhu a liter\u00e1rn\u00edho festivalu Sv\u011bt knihy Plze\u0148 potvrdil, \u017ee na Plze\u0148sku je o literaturu z\u00e1jem. Organiz\u00e1tor akce, spole\u010dnost Sv\u011bt knihy, proto letos p\u0159ipravil druh\u00fd ro\u010dn\u00edk, kdy pro n\u00e1v\u0161t\u011bvn\u00edky nab\u00eddne roz\u0161\u00ed\u0159enou \u017e\u00e1nrovou paletu, p\u0159edev\u0161\u00edm nov\u00e9 F\u00f3rum sci-fi a fantasy, diskuze na t\u00e9ma sou\u010dasn\u00fdch m\u00e9di\u00ed a cenzury \u010di k v\u00fdro\u010d\u00ed listopadov\u00fdch ud\u00e1lost\u00ed, d\u00e1le nap\u0159\u00edklad i filmov\u00e9 projekce a koncert. Aktu\u00e1ln\u00ed kni\u017en\u00ed produkci p\u0159edstav\u00ed v\u00edce ne\u017e \u0161edes\u00e1t nakladatel\u016f, kte\u0159\u00ed mnohdy p\u0159iv\u00e1\u017eej\u00ed hork\u00e9 novinky podzimu. Are\u00e1l DEPO2015 bude pro kon\u00e1n\u00ed veletrhu otev\u0159en v p\u00e1tek 20. a v&nbsp;sobotu 21. z\u00e1\u0159\u00ed v\u017edy od 9 do 19 hodin.<\/em><\/p>\n\n\n\n<p>Vystavovatel\u00e9, jich\u017e do Plzn\u011b zam\u00ed\u0159\u00ed p\u0159es \u0161edes\u00e1t, p\u0159iv\u00e1\u017eej\u00ed nejen pestrou \u017e\u00e1nrovou nab\u00eddku, ale \u010dasto i hork\u00e9 novinky, p\u0159ichystan\u00e9 na podzimn\u00ed a p\u0159edv\u00e1no\u010dn\u00ed trh. \u201ePro \u0161irokou ve\u0159ejnost jsme p\u0159ipravili nov\u00fd form\u00e1t pr\u00e1v\u011b pro prezentaci knih, kter\u00e9 cht\u011bj\u00ed nakladatel\u00e9 v&nbsp;tomto obdob\u00ed vydat,\u201c popisuje \u0159editel veletrhu Radovan Auer a up\u0159es\u0148uje, \u201ev rychl\u00e9m sledu se vyst\u0159\u00edd\u00e1 se svou kni\u017en\u00ed produkc\u00ed t\u00e9m\u011b\u0159 dvacet nakladatelsk\u00fdch dom\u016f, tedy jedine\u010dn\u00e1 p\u0159\u00edle\u017eitost zjistit, co se v&nbsp;p\u0159\u00ed\u0161t\u00edch m\u011bs\u00edc\u00edch objev\u00ed na pultech knihkupectv\u00ed.\u201c<\/p>\n\n\n\n<p>Veletr\u017en\u00ed d\u011bn\u00ed bude zah\u00e1jeno ji\u017e ve \u010dtvrtek 19. z\u00e1\u0159\u00ed prvn\u00edm ve\u0159ejn\u00fdm uveden\u00edm filmu N\u00e1rodn\u00ed t\u0159\u00edda podle stejnojmenn\u00e9 knihy Jaroslava Rudi\u0161e za \u00fa\u010dasti autora. Filmy jsou v&nbsp;programov\u00e9 nab\u00eddce za\u0159azeny hned t\u0159i. Krom\u011b N\u00e1rodn\u00ed t\u0159\u00eddy je na p\u00e1te\u010dn\u00ed dopoledne p\u0159ipraven p\u0159edev\u0161\u00edm pro ml\u00e1de\u017e film Uzly a pomeran\u010de, rovn\u011b\u017e za \u00fa\u010dasti autorky, a na sobotu ve\u010der projekce filmu Nabarven\u00e9 pt\u00e1\u010de. Pro v\u0161echny t\u0159i filmy byla p\u0159edlohou liter\u00e1rn\u00ed d\u00edla.<\/p>\n\n\n\n<p>&nbsp;&nbsp; V&nbsp;roli \u010destn\u00e9ho hosta se na veletrhu p\u0159edstav\u00ed Polsko. N\u00e1v\u0161t\u011bvn\u00edci \u2013 dosp\u011bl\u00ed i&nbsp;d\u011bti \u2013&nbsp; se mohou t\u011b\u0161it na pestr\u00fd liter\u00e1rn\u00ed program. Jsou nachyst\u00e1ny v\u00fdtvarn\u00e9 d\u00edlny pro d\u011bti \u010di besedy na t\u00e9ma m\u00e9dia, cenzura a literatura. V p\u00e1tek 20. z\u00e1\u0159\u00ed v&nbsp;N\u00e1v\u0161t\u011bvnick\u00e9m centru Plze\u0148sk\u00e9ho Prazdroje&nbsp; v&nbsp;r\u00e1mci doprovodn\u00e9ho programu veletrhu&nbsp; zazn\u00ed zhudebn\u011bn\u00e9 ver\u0161e Juliana Tuwima v&nbsp;pod\u00e1n\u00ed \u010desk\u00fdch a polsk\u00fdch jazzman\u016f. Vstup na koncert je zdarma.<\/p>\n\n\n\n<p>&nbsp;&nbsp; Zahrani\u010dn\u00ed host\u00e9 p\u0159ij\u00ed\u017ed\u011bj\u00ed do Plzn\u011b nejen z&nbsp;evropsk\u00fdch zem\u00ed, nap\u0159\u00edklad z&nbsp;Izraele doraz\u00ed autor neot\u0159el\u00fdch z\u00e1pletek E\u0161kol Nevo, b\u00e1sn\u00edk a prozaik Juan Pablo Bertazza a\u017e z&nbsp;dalek\u00e9 Argentiny. Evropsk\u00e9 literatury zastupuje, krom\u011b zmi\u0148ovan\u00fdch polsk\u00fdch autor\u016f, \u0160pan\u011bl Antonio Iturbe \u2013 spole\u010dn\u011b s&nbsp;hrdinkou sv\u00e9 knihy Osv\u011btimsk\u00e1 knihovnice Ditou Krausovou &#8211; \u010di provokativn\u00ed N\u011bmka Isabelle Lehn.<\/p>\n\n\n\n<p>Z&nbsp;dom\u00e1c\u00edch autor\u016f bude jist\u011b l\u00e1kav\u00e9 poslechnout si v&nbsp;p\u0159edpremi\u00e9\u0159e \u010dten\u00ed z&nbsp;nov\u00e9 knihy Bianky Bellov\u00e9 Mona, ze sou\u010dasn\u00e9ho siln\u00e9ho \u017eensk\u00e9ho liter\u00e1rn\u00edho t\u00fdmu m\u016f\u017eeme je\u0161t\u011b jmenovat &nbsp;Alenu Morn\u0161tajnovou, Viktorii Hani\u0161ovou, Ivu Proch\u00e1zkovou, Petru Dvo\u0159\u00e1kovou&nbsp; \u010di &nbsp;pro d\u011bti tvo\u0159\u00edc\u00ed Galinu Mikl\u00ednovou.&nbsp; Za autory se p\u0159edstav\u00ed nap\u0159\u00edklad Karel Hv\u00ed\u017e\u010fala, Michael \u017dantovsk\u00fd, Ond\u0159ej Kundra nebo b\u00e1sn\u00edci Petr Borkovec a Radek Fridrich.<\/p>\n\n\n\n<p>\u201eDva nov\u00e9 prostory budou moci p\u0159\u00edchoz\u00ed na veletrh nav\u0161t\u00edvit v&nbsp;Autobusov\u00e9 hale,\u201c p\u0159id\u00e1v\u00e1 v\u00fd\u010det novinek Radovan Auer. \u201e Jednak je to F\u00f3rum sci-fi a fantasy, kde pob\u011b\u017e\u00ed po celou dobu tematicky zam\u011b\u0159en\u00e9 po\u0159ady. Druh\u00fd prostor, jen\u017e je sou\u010d\u00e1st\u00ed prezentace \u010cesk\u00e9ho rozhlasu, je Audioz\u00f3na, v&nbsp;n\u00ed\u017e si n\u00e1v\u0161t\u011bvn\u00edci poslechnou rozhlasov\u00e9 hry ve \u0161pi\u010dkov\u00e9m zvukov\u00e9m proveden\u00ed,\u201c &nbsp;upozor\u0148uje.<\/p>\n\n\n\n<p>Celkem \u0161est v\u00fdstav je p\u0159ipraveno pro are\u00e1l DEPO2015, p\u0159edstaveno bude nap\u0159\u00edklad komiksov\u00e9 zpracov\u00e1n\u00ed ud\u00e1lost\u00ed 17. listopadu a rovn\u011b\u017e komiks Divo\u0161i v\u00fdtvarnice Lucie Lomov\u00e9, d\u00e1le v\u00fdstava z tvorby Bohumila Bimby Kone\u010dn\u00e9ho \u010di na bezpr\u00e1v\u00ed v&nbsp;dob\u011b komunismu u n\u00e1s odkazuj\u00edc\u00ed projekt Fale\u0161n\u00e1 hranice: Akce \u201eK\u00e1men\u201c.<\/p>\n\n\n\n<p>Plze\u0148 ve t\u0159et\u00edm z\u00e1\u0159ijov\u00e9m t\u00fddnu zaplav\u00ed literatura, a tak se t\u011b\u0161me, \u017ee si i letos najdou Plze\u0148an\u00e9 na veletrh cestu a str\u00e1v\u00ed zde zaj\u00edmav\u00e9 chv\u00edle nad knihami a s&nbsp;obl\u00edben\u00fdmi autory. A pro literaturu milovn\u00e9 rodi\u010de je zaji\u0161t\u011bno i hl\u00edd\u00e1n\u00ed jejich ratolest\u00ed.<\/p>\n","protected":false},"excerpt":{"rendered":"<p>Lo\u0148sk\u00fd premi\u00e9rov\u00fd ro\u010dn\u00edk mezin\u00e1rodn\u00edho kni\u017en\u00edho veletrhu a liter\u00e1rn\u00edho festivalu Sv\u011bt knihy Plze\u0148 potvrdil, \u017ee na Plze\u0148sku je o literaturu z\u00e1jem. Organiz\u00e1tor akce, spole\u010dnost Sv\u011bt knihy, proto letos p\u0159ipravil druh\u00fd ro\u010dn\u00edk, kdy pro n\u00e1v\u0161t\u011bvn\u00edky nab\u00eddne roz\u0161\u00ed\u0159enou \u017e\u00e1nrovou paletu, p\u0159edev\u0161\u00edm nov\u00e9 F\u00f3rum sci-fi a fantasy, diskuze na t\u00e9ma sou\u010dasn\u00fdch m\u00e9di\u00ed a cenzury \u010di k v\u00fdro\u010d\u00ed listopadov\u00fdch ud\u00e1lost\u00ed,&#8230;<\/p>\n","protected":false},"author":1,"featured_media":4829,"comment_status":"open","ping_status":"open","sticky":false,"template":"","format":"standard","meta":{"_monsterinsights_skip_tracking":false,"_monsterinsights_sitenote_active":false,"_monsterinsights_sitenote_note":"","_monsterinsights_sitenote_category":0,"footnotes":""},"categories":[401,133,383,390],"tags":[501],"class_list":["post-4828","post","type-post","status-publish","format-standard","has-post-thumbnail","hentry","category-ceske-armenske-zpravy","category-czech-armenian-news-cs","category-kultura","category-literatura","tag-svet-knihy-plzen"],"_links":{"self":[{"href":"https:\/\/orer.eu\/cs\/wp-json\/wp\/v2\/posts\/4828","targetHints":{"allow":["GET"]}}],"collection":[{"href":"https:\/\/orer.eu\/cs\/wp-json\/wp\/v2\/posts"}],"about":[{"href":"https:\/\/orer.eu\/cs\/wp-json\/wp\/v2\/types\/post"}],"author":[{"embeddable":true,"href":"https:\/\/orer.eu\/cs\/wp-json\/wp\/v2\/users\/1"}],"replies":[{"embeddable":true,"href":"https:\/\/orer.eu\/cs\/wp-json\/wp\/v2\/comments?post=4828"}],"version-history":[{"count":1,"href":"https:\/\/orer.eu\/cs\/wp-json\/wp\/v2\/posts\/4828\/revisions"}],"predecessor-version":[{"id":4833,"href":"https:\/\/orer.eu\/cs\/wp-json\/wp\/v2\/posts\/4828\/revisions\/4833"}],"wp:featuredmedia":[{"embeddable":true,"href":"https:\/\/orer.eu\/cs\/wp-json\/wp\/v2\/media\/4829"}],"wp:attachment":[{"href":"https:\/\/orer.eu\/cs\/wp-json\/wp\/v2\/media?parent=4828"}],"wp:term":[{"taxonomy":"category","embeddable":true,"href":"https:\/\/orer.eu\/cs\/wp-json\/wp\/v2\/categories?post=4828"},{"taxonomy":"post_tag","embeddable":true,"href":"https:\/\/orer.eu\/cs\/wp-json\/wp\/v2\/tags?post=4828"}],"curies":[{"name":"wp","href":"https:\/\/api.w.org\/{rel}","templated":true}]}}