{"id":4795,"date":"2019-06-21T13:22:00","date_gmt":"2019-06-21T10:22:00","guid":{"rendered":"https:\/\/orer.eu\/orer_rebrended\/?p=4795"},"modified":"2022-02-14T13:27:08","modified_gmt":"2022-02-14T10:27:08","slug":"pocta-mistrum-fotografie-jurgen-schadeberg","status":"publish","type":"post","link":"https:\/\/orer.eu\/cs\/2019\/06\/21\/pocta-mistrum-fotografie-jurgen-schadeberg\/","title":{"rendered":"POCTA MISTR\u016eM FOTOGRAFIE. J\u00dcRGEN SCHADEBERG"},"content":{"rendered":"\n<p>Dance on Piano (Tanec na klav\u00edru), 1952 \u00a9 Juergen Schadeberg<\/p>\n\n\n\n<p><strong>Od 21. \u010dervna prezentujeme v&nbsp;Leica Gallery Prague soubor fotografi\u00ed J\u00fcrgena Schadeberga, kter\u00fd zachycoval b\u011bhem sv\u00e9 dlouh\u00e9 kari\u00e9ry p\u0159edev\u0161\u00edm neretu\u0161ovanou realitu Jihoafrick\u00e9 republiky druh\u00e9 poloviny minul\u00e9ho stolet\u00ed.<\/strong><\/p>\n\n\n\n<p><strong>21. 6. \u2014 8. 9. 2019&nbsp;<\/strong><br>Soubor fotografi\u00ed J\u00fcrgena Schadeberga vznikl u&nbsp;p\u0159\u00edle\u017eitosti jeho uveden\u00ed do S\u00edn\u011b sl\u00e1vy Leica v&nbsp;roce 2018. Jde o&nbsp;v\u00fdb\u011br Schadebergov\u00fdch fotografi\u00ed, zobrazuj\u00edc\u00edch p\u0159edev\u0161\u00edm neretu\u0161ovanou realitu Jihoafrick\u00e9 republiky druh\u00e9 poloviny minul\u00e9ho stolet\u00ed.<\/p>\n\n\n\n<figure class=\"wp-block-image\"><img decoding=\"async\" src=\"http:\/\/orer.eu\/images\/Portret_Juergena_Schadeberga.jpeg\" alt=\"\"\/><\/figure>\n\n\n\n<p>J\u00fcrgen Schadeberg (nar. 1931) je n\u011bmeck\u00fd fotograf, kter\u00fd n\u011bkolik desetilet\u00ed \u017eil a&nbsp;pracoval v&nbsp;Jihoafrick\u00e9 republice. Po\u0159\u00eddil zde nespo\u010det sn\u00edmk\u016f, kter\u00e9 jsou dnes pova\u017eov\u00e1ny za legend\u00e1rn\u00ed a&nbsp;ikonick\u00e9: nap\u0159\u00edklad fotografie zp\u00edvaj\u00edc\u00ed \u010derno\u0161sk\u00e9 hv\u011bzdy Miriam Makeby nebo sn\u00edmek Nelsona Mandely, hled\u00edc\u00edho zam\u0159\u00ed\u017eovan\u00fdm oknem v\u011bznice. Jako foto\u017eurnalista a&nbsp;p\u0159edstavitel \u017eiv\u00e9 fotografie je Schadeberg humanistou v&nbsp;prav\u00e9m smyslu \u2013 je to \u010dlov\u011bk&nbsp;bez p\u0159edsudk\u016f, se z\u00e1jmem o&nbsp;\u017eivotn\u00ed podm\u00ednky lid\u00ed, o&nbsp;jejich ka\u017edodennost. Jeho p\u0159\u00edstup k&nbsp;portr\u00e9tovan\u00fdm je pln\u00fd pochopen\u00ed a&nbsp;respektu, bez ohledu na n\u00e1rodnost nebo barvu pleti.&nbsp;<\/p>\n\n\n\n<p>Schadeberg se narodil a&nbsp;vyrostl v&nbsp;Berl\u00edn\u011b, N\u011bmecko v\u0161ak ve sv\u00fdch devaten\u00e1cti letech opustil. V&nbsp;roce 1950 se odst\u011bhoval do Jihoafrick\u00e9 republiky s&nbsp;jedn\u00edm kufrem, v&nbsp;n\u011bm\u017e byl tak\u00e9 fotoapar\u00e1t Leica. Modern\u00ed report\u00e1\u017en\u00ed p\u0159\u00edstroj mu umo\u017enil rychle se etablovat v&nbsp;Jihoafrick\u00e9 republice jako foto\u017eurnalista. Z&nbsp;Evropy si p\u0159ivezl zku\u0161enosti s&nbsp;rasismem, nicm\u00e9n\u011b Jihoafrick\u00e1 republika byla v&nbsp;t\u00e9 dob\u011b hluboce rozd\u011blena politikou apartheidu \u2013 \u010dern\u00e1 v\u011bt\u0161ina tu byla n\u00e1siln\u011b utla\u010dov\u00e1na b\u00edlou men\u0161inou.&nbsp;<\/p>\n\n\n\n<p>Schadebergova nestrannost, trp\u011blivost a&nbsp;zv\u011bdavost mu st\u00e1le znovu d\u00e1valy p\u0159\u00edle\u017eitost fotografovat m\u00edsta a&nbsp;situace, kter\u00e9 byly pro v\u011bt\u0161inu jeho b\u00edl\u00fdch sou\u010dasn\u00edk\u016f nep\u0159edstaviteln\u00e9. P\u0159edev\u0161\u00edm pr\u00e1ce pro \u010dasopis&nbsp;<em>Drum<\/em>, umo\u017e\u0148ovala Schadebergovi b\u00fdt \u201ekronik\u00e1\u0159em\u201c dobov\u00fdch ud\u00e1lost\u00ed. V&nbsp;roce 1964 musel opustit Jihoafrickou republiku a&nbsp;v dal\u0161\u00edch desetilet\u00edch pracoval jako fotograf na voln\u00e9 noze v&nbsp;Evrop\u011b a&nbsp;USA. I&nbsp;zde si uchoval sv\u016fj pravdiv\u00fd a&nbsp;empatick\u00fd p\u0159\u00edstup k&nbsp;pr\u00e1ci. A\u017e po roce 1985 se vr\u00e1til do Johannesburgu, kde zavr\u0161il druhou kapitolu sv\u00e9 jihoafrick\u00e9 fotografick\u00e9 cesty. Ta trvala do roku 2007.&nbsp;<\/p>\n\n\n\n<p>V&nbsp;roce 2014 ud\u011blilo Mezin\u00e1rodn\u00ed centrum fotografie New York J\u00fcrgenu Schadebergovi cenu za celo\u017eivotn\u00ed p\u0159\u00ednos&nbsp;<em>Cornell Capa&nbsp;Lifetime achievement award<\/em>.&nbsp;V&nbsp;roce 2018 ho uvedla firma&nbsp;Leica Camera do sv\u00e9 s\u00edn\u011b sl\u00e1vy. P\u0159ed\u00e1n\u00edm&nbsp;<em>Leica Hall of Fame Award&nbsp;<\/em>bylo ocen\u011bno&nbsp;sedmdes\u00e1t let jeho pr\u00e1ce, jeho ne\u00fanavnost, odvaha a&nbsp;v\u00fdjime\u010dn\u00fd p\u0159\u00ednos pro&nbsp;fotografii.&nbsp;<\/p>\n\n\n\n<p>jurgenschadeberg.com<\/p>\n\n\n\n<figure class=\"wp-block-image\"><img decoding=\"async\" src=\"http:\/\/orer.eu\/images\/Cover_casopisu_Drum_1958__Juergen_Schadeberg.jpeg\" alt=\"\"\/><\/figure>\n\n\n\n<p>Cover \u010dasopisu Drum, 1958 \u00a9 Juergen Schadeberg<\/p>\n\n\n\n<figure class=\"wp-block-image\"><img decoding=\"async\" src=\"http:\/\/orer.eu\/images\/Handstand_Stojka_Hamburg_1948__Juergen_Schadeberg.jpeg\" alt=\"\"\/><\/figure>\n\n\n\n<p>Handstand (Stojka), Hamburg, 1948 \u00a9 Juergen Schadeberg (1)<\/p>\n\n\n\n<figure class=\"wp-block-image\"><img decoding=\"async\" src=\"http:\/\/orer.eu\/images\/The_Midnight_Kids_Sophiatown_1954__Juergen_Schadeberg.jpeg\" alt=\"\"\/><\/figure>\n\n\n\n<p>The Midnight Kids, Sophiatown, 1954 \u00a9 Juergen Schadeberg<\/p>\n\n\n\n<figure class=\"wp-block-image\"><img decoding=\"async\" src=\"http:\/\/orer.eu\/images\/Moroka-Mandela-Dadoo-_Defiance_Campaign_Hnuti_odporu1952__Juergen_Schadeberg.jpeg\" alt=\"\"\/><\/figure>\n\n\n\n<p>Moroka-Mandela-Dadoo- Defiance Campaign (Hnut\u00ed odporu),1952 \u00a9 Juergen Schadeberg (1)<\/p>\n\n\n\n<figure class=\"wp-block-image\"><img decoding=\"async\" src=\"http:\/\/orer.eu\/images\/Haircuts_everywhere_Strihame_vsude_Sophiatown_1958__Juergen_Schadeberg.jpeg\" alt=\"\"\/><\/figure>\n\n\n\n<p>Haircuts everywhere (St\u0159\u00edh\u00e1me v\u0161ude), Sophiatown 1958, \u00a9 Juergen Schadeberg<\/p>\n","protected":false},"excerpt":{"rendered":"<p>Dance on Piano (Tanec na klav\u00edru), 1952 \u00a9 Juergen Schadeberg Od 21. \u010dervna prezentujeme v&nbsp;Leica Gallery Prague soubor fotografi\u00ed J\u00fcrgena Schadeberga, kter\u00fd zachycoval b\u011bhem sv\u00e9 dlouh\u00e9 kari\u00e9ry p\u0159edev\u0161\u00edm neretu\u0161ovanou realitu Jihoafrick\u00e9 republiky druh\u00e9 poloviny minul\u00e9ho stolet\u00ed. 21. 6. \u2014 8. 9. 2019&nbsp;Soubor fotografi\u00ed J\u00fcrgena Schadeberga vznikl u&nbsp;p\u0159\u00edle\u017eitosti jeho uveden\u00ed do S\u00edn\u011b sl\u00e1vy Leica v&nbsp;roce 2018&#8230;.<\/p>\n","protected":false},"author":1,"featured_media":4796,"comment_status":"open","ping_status":"open","sticky":false,"template":"","format":"standard","meta":{"_monsterinsights_skip_tracking":false,"_monsterinsights_sitenote_active":false,"_monsterinsights_sitenote_note":"","_monsterinsights_sitenote_category":0,"footnotes":""},"categories":[153,133,383,386],"tags":[493,494,492],"class_list":["post-4795","post","type-post","status-publish","format-standard","has-post-thumbnail","hentry","category-czech-republic-cs","category-czech-armenian-news-cs","category-kultura","category-umeni","tag-foto","tag-fotografii","tag-jurgen-schadeberg"],"_links":{"self":[{"href":"https:\/\/orer.eu\/cs\/wp-json\/wp\/v2\/posts\/4795","targetHints":{"allow":["GET"]}}],"collection":[{"href":"https:\/\/orer.eu\/cs\/wp-json\/wp\/v2\/posts"}],"about":[{"href":"https:\/\/orer.eu\/cs\/wp-json\/wp\/v2\/types\/post"}],"author":[{"embeddable":true,"href":"https:\/\/orer.eu\/cs\/wp-json\/wp\/v2\/users\/1"}],"replies":[{"embeddable":true,"href":"https:\/\/orer.eu\/cs\/wp-json\/wp\/v2\/comments?post=4795"}],"version-history":[{"count":1,"href":"https:\/\/orer.eu\/cs\/wp-json\/wp\/v2\/posts\/4795\/revisions"}],"predecessor-version":[{"id":4800,"href":"https:\/\/orer.eu\/cs\/wp-json\/wp\/v2\/posts\/4795\/revisions\/4800"}],"wp:featuredmedia":[{"embeddable":true,"href":"https:\/\/orer.eu\/cs\/wp-json\/wp\/v2\/media\/4796"}],"wp:attachment":[{"href":"https:\/\/orer.eu\/cs\/wp-json\/wp\/v2\/media?parent=4795"}],"wp:term":[{"taxonomy":"category","embeddable":true,"href":"https:\/\/orer.eu\/cs\/wp-json\/wp\/v2\/categories?post=4795"},{"taxonomy":"post_tag","embeddable":true,"href":"https:\/\/orer.eu\/cs\/wp-json\/wp\/v2\/tags?post=4795"}],"curies":[{"name":"wp","href":"https:\/\/api.w.org\/{rel}","templated":true}]}}