{"id":4788,"date":"2019-05-28T13:10:00","date_gmt":"2019-05-28T10:10:00","guid":{"rendered":"https:\/\/orer.eu\/orer_rebrended\/?p=4788"},"modified":"2022-02-14T13:20:39","modified_gmt":"2022-02-14T10:20:39","slug":"prazske-jaro-alondru-de-la-parra-zastoupi-jessica-cottis","status":"publish","type":"post","link":"https:\/\/orer.eu\/cs\/2019\/05\/28\/prazske-jaro-alondru-de-la-parra-zastoupi-jessica-cottis\/","title":{"rendered":"Pra\u017esk\u00e9 jaro. Alondru de la Parra zastoup\u00ed Jessica Cottis"},"content":{"rendered":"\n<p>Pra\u017esk\u00e9 jaro s&nbsp;politov\u00e1n\u00edm oznamuje, \u017ee dirigentka&nbsp;<strong>Alondra de la Parra<\/strong>&nbsp;byla ze z\u00e1va\u017en\u00fdch osobn\u00edch d\u016fvod\u016f nucena od\u0159\u00edci sv\u00e9 vystoupen\u00ed na koncertu 2. \u010dervna v&nbsp;Obecn\u00edm dom\u011b. Alondru de la Parra zastoup\u00ed charizmatick\u00e1 australsko-britsk\u00e1 dirigentka&nbsp;<strong>Jessica Cottis<\/strong>.&nbsp;<em>\u201eJsme r\u00e1di, \u017ee koncert s&nbsp;nezm\u011bn\u011bn\u00fdm programem p\u0159evzala dal\u0161\u00ed v\u00fdrazn\u00e1 dirigentka mlad\u00e9 generace,\u201c<\/em>&nbsp;\u0159\u00edk\u00e1 Roman B\u011blor, \u0159editel festivalu.<\/p>\n\n\n\n<p>Dirigentka Jessica Cottis si orchestr\u00e1ln\u00ed hr\u00e1\u010de z\u00edsk\u00e1v\u00e1 p\u0159irozenou autoritou a vrozenou muzikalitou. Jej\u00ed hostov\u00e1n\u00ed na Pra\u017esk\u00e9m jaru je jej\u00edm debutem v&nbsp;\u010cesk\u00e9 republice a SO\u010cR prvn\u00edm \u010desk\u00fdm orchestrem v&nbsp;jej\u00ed dosavadn\u00ed kari\u00e9\u0159e.<\/p>\n\n\n\n<h1 class=\"wp-block-heading\">Charismatick\u00e1 dirigentka, kter\u00e1 ve voln\u00fdch chv\u00edl\u00edch l\u00e9t\u00e1 helikopt\u00e9rou<\/h1>\n\n\n\n<p>Osobnost t\u00e9to australsk\u00e9 roda\u010dky je nev\u0161edn\u00ed po v\u0161ech str\u00e1nk\u00e1ch. K&nbsp;dirigentsk\u00e9 profesi p\u0159ivedl Jessicu Cottis \u201eosud\u201c. Na Australsk\u00e9 n\u00e1rodn\u00ed univerzit\u011b vystudovala hru na varhany, klav\u00edr a tak\u00e9 muzikologii, ve varhann\u00ed h\u0159e pak pokra\u010dovala v&nbsp;Pa\u0159\u00ed\u017ei ve t\u0159\u00edd\u011b slavn\u00e9 Marie-Claire Alain a z\u00edskala ocen\u011bn\u00ed Royal Philharmonic Society a Royal College of Organists. Jej\u00ed skv\u011ble nastartovanou kari\u00e9ru varhanice v\u0161ak ukon\u010dilo zran\u011bn\u00ed z\u00e1p\u011bst\u00ed. Nerezignovala a v&nbsp;roce 2006 za\u010dala studovat dirigov\u00e1n\u00ed na lond\u00fdnsk\u00e9 Royal Academy of Music u Colina Metterse and Colina Davise. Po t\u0159ech letech absolvovala s&nbsp;vynikaj\u00edc\u00ed reputac\u00ed, jej\u00ed talent podporovali mimo jin\u00e9 Vladimir Ashkenazy a Donald Runnicles. Ihned po studi\u00edch se stala asistentkou dirigenta BBC Scottish Symphony Orchestra a pot\u00e9 zast\u00e1vala tut\u00e9\u017e pozici u Sydney Symphony Orchestra (2012\u20132014), s&nbsp;n\u00edm\u017e ka\u017edoro\u010dn\u011b dirigovala p\u0159es t\u0159icet koncert\u016f a australsk\u00fd tisk o n\u00ed referoval jako o&nbsp;<em>\u201ejedn\u00e9 z&nbsp;velk\u00fdch nad\u011bj\u00ed pro budoucnost orchestru\u201c.<\/em><\/p>\n\n\n\n<p>Jessica Cottis je velice popul\u00e1rn\u00ed zejm\u00e9na ve Velk\u00e9 Brit\u00e1nii a v&nbsp;Austr\u00e1lii. Hostuje u v\u0161ech v\u00fdznamn\u00fdch lond\u00fdnsk\u00fdch orchestr\u016f, v\u010detn\u011b London Philharmonic, London Symphony, BBC Symphony a Royal Philharmonic Orchestra, kter\u00fd \u0159\u00eddila mimo jin\u00e9 na BBC Proms 2017 pot\u00e9, co na tomto slavn\u00e9m lond\u00fdnsk\u00e9m festivalu \u00fasp\u011b\u0161n\u011b debutovala o rok d\u0159\u00edve. Pozv\u00e1n\u00ed od Proms dostala i na rok 2019. Opakovan\u011b se vrac\u00ed k dal\u0161\u00edm britsk\u00fdm a australsk\u00fdm orchestr\u016fm \u2013 Royal Liverpool Philharmonic, Scottish Chamber Orchestra, Sydney Symphony Orchestra, Canberra Symphony Orchestra ad. V&nbsp;posledn\u00edch dvou letech k&nbsp;nim p\u0159ibyly \u0161v\u00e9dsk\u00fd Malm\u00f6 Symphony Orchestra, Orquestra Sinf\u00f2nica de Barcelona&nbsp;i Nacional de Catalunya, Sinfonica di Milano Giuseppe Verdi nebo Malajsijsk\u00e1 filharmonie. Ani na americk\u00e9m kontinentu nez\u016fstal jej\u00ed talent bez pov\u0161imnut\u00ed, v&nbsp;roce 2018 debutovala u Houston Symphony a Los Angeles Philharmonic. P\u0159ed sebou m\u00e1 prvn\u00ed hostov\u00e1n\u00ed se Singapore Symphony a English Chamber Orchestra.<\/p>\n\n\n\n<p>Jej\u00ed dom\u00e9nou je hudba 20. a 21. stolet\u00ed. Od roku 2015 je hlavn\u00ed dirigentkou ans\u00e1mblu Glasgow New Music Expedition, kter\u00fd uv\u00e1d\u00ed v&nbsp;premi\u00e9r\u00e1ch na objedn\u00e1vku napsan\u00e9 nov\u00e9 skladby p\u0159edev\u0161\u00edm skotsk\u00fdch autor\u016f. V\u00fdrazn\u00e1 je jej\u00ed spolupr\u00e1ce se souborem&nbsp;sv\u011btov\u00e9ho renom\u00e9 London Sinfonietta se zam\u011b\u0159en\u00edm na hudebn\u00ed d\u011bn\u00ed sou\u010dasnosti, s&nbsp;kter\u00fdm mimo jin\u00e9 uvedla v&nbsp;roce 2018 sv\u011btovou premi\u00e9ru d\u00edla&nbsp;<em>The Gender Agenda<\/em>&nbsp;Philipa Venablese.<\/p>\n\n\n\n<p>Dirigent\u010dina vyt\u0159\u00edben\u00e9ho citu a smyslu pro interpretaci skladatelsk\u00fdch novinek si v\u0161imla tak\u00e9 lond\u00fdnsk\u00e1 Kr\u00e1lovsk\u00e1 opera, kter\u00e1 ji u\u017e p\u0159ed dv\u011bma lety pov\u011b\u0159ila premi\u00e9rov\u00fdm nastudov\u00e1n\u00edm opery&nbsp;<em>Mamzer Bastard<\/em>, jej\u00edm\u017e autorem je izraelsk\u00fd skladatel Na\u2019ama Zisser. Letos na t\u00e9to presti\u017en\u00ed opern\u00ed sc\u00e9n\u011b premi\u00e9rovala opern\u00ed novinku&nbsp;<em>The Monstrous Child<\/em>&nbsp;Gavina Higginse a na podzim ji \u010dek\u00e1 sv\u011btov\u00e1 premi\u00e9ra opern\u00ed prvotiny Geralda Barryho&nbsp;<em>The Intelligence Park<\/em>.<\/p>\n\n\n\n<p>Jessica Cottis m\u00e1 dar p\u0159esv\u011bd\u010div\u00e9 komunikace. Spolupracuje s&nbsp;BBC na cel\u00e9 \u0159ad\u011b hudebn\u00edch po\u0159ad\u016f, v\u011bnuje se vzd\u011bl\u00e1vac\u00edm projekt\u016fm s&nbsp;r\u016fzn\u00fdmi organizacemi v&nbsp;Brit\u00e1nii, vede dirigentsk\u00e9 kurzy pro \u017eeny ve spolupr\u00e1ci s lond\u00fdnskou Kr\u00e1lovskou filharmonickou spole\u010dnost\u00ed. Ve znamen\u00ed St\u0159elce narozen\u00e1 Jessica Cottis (1979) \u017eije v&nbsp;Lond\u00fdn\u011b, v\u00e1\u0161niv\u011b se zab\u00fdv\u00e1 naukou o mot\u00fdlech a ve voln\u00fdch chv\u00edl\u00edch se u\u010d\u00ed l\u00e9tat helikopt\u00e9rou.<\/p>\n","protected":false},"excerpt":{"rendered":"<p>Pra\u017esk\u00e9 jaro s&nbsp;politov\u00e1n\u00edm oznamuje, \u017ee dirigentka&nbsp;Alondra de la Parra&nbsp;byla ze z\u00e1va\u017en\u00fdch osobn\u00edch d\u016fvod\u016f nucena od\u0159\u00edci sv\u00e9 vystoupen\u00ed na koncertu 2. \u010dervna v&nbsp;Obecn\u00edm dom\u011b. Alondru de la Parra zastoup\u00ed charizmatick\u00e1 australsko-britsk\u00e1 dirigentka&nbsp;Jessica Cottis.&nbsp;\u201eJsme r\u00e1di, \u017ee koncert s&nbsp;nezm\u011bn\u011bn\u00fdm programem p\u0159evzala dal\u0161\u00ed v\u00fdrazn\u00e1 dirigentka mlad\u00e9 generace,\u201c&nbsp;\u0159\u00edk\u00e1 Roman B\u011blor, \u0159editel festivalu. Dirigentka Jessica Cottis si orchestr\u00e1ln\u00ed hr\u00e1\u010de z\u00edsk\u00e1v\u00e1 p\u0159irozenou&#8230;<\/p>\n","protected":false},"author":1,"featured_media":4789,"comment_status":"open","ping_status":"open","sticky":false,"template":"","format":"standard","meta":{"_monsterinsights_skip_tracking":false,"_monsterinsights_sitenote_active":false,"_monsterinsights_sitenote_note":"","_monsterinsights_sitenote_category":0,"footnotes":""},"categories":[401,392,168,383],"tags":[490,491],"class_list":["post-4788","post","type-post","status-publish","format-standard","has-post-thumbnail","hentry","category-ceske-armenske-zpravy","category-hudba","category-concerts-cs","category-kultura","tag-jessica-cottis","tag-prazske-jaro"],"_links":{"self":[{"href":"https:\/\/orer.eu\/cs\/wp-json\/wp\/v2\/posts\/4788","targetHints":{"allow":["GET"]}}],"collection":[{"href":"https:\/\/orer.eu\/cs\/wp-json\/wp\/v2\/posts"}],"about":[{"href":"https:\/\/orer.eu\/cs\/wp-json\/wp\/v2\/types\/post"}],"author":[{"embeddable":true,"href":"https:\/\/orer.eu\/cs\/wp-json\/wp\/v2\/users\/1"}],"replies":[{"embeddable":true,"href":"https:\/\/orer.eu\/cs\/wp-json\/wp\/v2\/comments?post=4788"}],"version-history":[{"count":1,"href":"https:\/\/orer.eu\/cs\/wp-json\/wp\/v2\/posts\/4788\/revisions"}],"predecessor-version":[{"id":4793,"href":"https:\/\/orer.eu\/cs\/wp-json\/wp\/v2\/posts\/4788\/revisions\/4793"}],"wp:featuredmedia":[{"embeddable":true,"href":"https:\/\/orer.eu\/cs\/wp-json\/wp\/v2\/media\/4789"}],"wp:attachment":[{"href":"https:\/\/orer.eu\/cs\/wp-json\/wp\/v2\/media?parent=4788"}],"wp:term":[{"taxonomy":"category","embeddable":true,"href":"https:\/\/orer.eu\/cs\/wp-json\/wp\/v2\/categories?post=4788"},{"taxonomy":"post_tag","embeddable":true,"href":"https:\/\/orer.eu\/cs\/wp-json\/wp\/v2\/tags?post=4788"}],"curies":[{"name":"wp","href":"https:\/\/api.w.org\/{rel}","templated":true}]}}