{"id":4498,"date":"2019-05-08T02:21:00","date_gmt":"2019-05-07T23:21:00","guid":{"rendered":"https:\/\/orer.eu\/orer_rebrended\/?p=4498"},"modified":"2022-02-08T02:22:30","modified_gmt":"2022-02-07T23:22:30","slug":"prezident-sr-kiska-podpisal-dohodu-o-partnerstve-medzi-eu-a-armenskom","status":"publish","type":"post","link":"https:\/\/orer.eu\/cs\/2019\/05\/08\/prezident-sr-kiska-podpisal-dohodu-o-partnerstve-medzi-eu-a-armenskom\/","title":{"rendered":"Prezident SR Kiska podp\u00edsal Dohodu o partnerstve medzi E\u00da a Arm\u00e9nskom"},"content":{"rendered":"\n<p>BRATISLAVA. Prezident SR&nbsp;<a href=\"https:\/\/www.sme.sk\/os\/16\/andrej-kiska\">Andrej Kiska<\/a>&nbsp;podp\u00edsal Dohodu o komplexnom a posilnenom partnerstve medzi Eur\u00f3pskou \u00faniou a Eur\u00f3pskym spolo\u010denstvom pre at\u00f3mov\u00fa energiu a ich \u010dlensk\u00fdmi \u0161t\u00e1tmi na jednej strane a Arm\u00e9nskou republikou na strane druhej.<\/p>\n\n\n\n<p>Dohoda predstavuje dlhodob\u00fd z\u00e1klad pre \u010fal\u0161ie rozv\u00edjanie vz\u0165ahov medzi E\u00da a Arm\u00e9nskom v zmysle zabezpe\u010denia \u00fa\u010dinnej\u0161ej bilater\u00e1lnej spolupr\u00e1ce s Arm\u00e9nskom.<\/p>\n\n\n\n<p>Cie\u013eom dohody je rozv\u00edja\u0165 spolupr\u00e1cu v hospod\u00e1rskych, obchodn\u00fdch a politick\u00fdch oblastiach ako aj vo vybran\u00fdch sektorov\u00fdch politik\u00e1ch.<\/p>\n\n\n\n<p>Dohoda obsahuje \u0161tandardn\u00e9 politick\u00e9 ustanovenia E\u00da t\u00fdkaj\u00face sa \u013eudsk\u00fdch pr\u00e1v, Medzin\u00e1rodn\u00e9ho trestn\u00e9ho s\u00fadu, zbran\u00ed hromadn\u00e9ho ni\u010denia, ru\u010dn\u00fdch a \u013eahk\u00fdch zbran\u00ed a boja proti terorizmu.<\/p>\n\n\n\n<p>Obsahuje takisto ustanovenia o spolupr\u00e1ci v oblastiach, ako je doprava, energetika, zdravotn\u00edctvo, \u017eivotn\u00e9 prostredie, zmena kl\u00edmy,&nbsp;<a href=\"http:\/\/cenastatu.sme.sk\/\">dane<\/a>, vzdel\u00e1vanie a kult\u00fara, zamestnanos\u0165 a soci\u00e1lne veci, bankovn\u00edctvo a pois\u0165ovn\u00edctvo, priemyseln\u00e1 politika, po\u013enohospod\u00e1rstvo a rozvoj vidieka, cestovn\u00fd ruch, v\u00fdskum a inov\u00e1cie, ban\u00edctvo.<\/p>\n\n\n\n<p>Okrem toho sa t\u00fdka aj pr\u00e1vnej spolupr\u00e1ce, pr\u00e1vneho \u0161t\u00e1tu, boja proti praniu \u0161pinav\u00fdch pe\u0148az\u00ed a financovaniu terorizmu ako aj proti organizovanej trestnej \u010dinnosti a korupcii.<\/p>\n\n\n\n<p>Dohoda z\u00e1rove\u0148 zah\u0155\u0148a d\u00f4le\u017eit\u00fa \u010das\u0165 o obchode so z\u00e1sadn\u00fdmi z\u00e1v\u00e4zkami vo viacer\u00fdch oblastiach obchodnej politiky.<\/p>\n\n\n\n<p><a href=\"https:\/\/domov.sme.sk\">https:\/\/domov.sme.sk<\/a><\/p>\n","protected":false},"excerpt":{"rendered":"<p>BRATISLAVA. Prezident SR&nbsp;Andrej Kiska&nbsp;podp\u00edsal Dohodu o komplexnom a posilnenom partnerstve medzi Eur\u00f3pskou \u00faniou a Eur\u00f3pskym spolo\u010denstvom pre at\u00f3mov\u00fa energiu a ich \u010dlensk\u00fdmi \u0161t\u00e1tmi na jednej strane a Arm\u00e9nskou republikou na strane druhej. Dohoda predstavuje dlhodob\u00fd z\u00e1klad pre \u010fal\u0161ie rozv\u00edjanie vz\u0165ahov medzi E\u00da a Arm\u00e9nskom v zmysle zabezpe\u010denia \u00fa\u010dinnej\u0161ej bilater\u00e1lnej spolupr\u00e1ce s Arm\u00e9nskom. Cie\u013eom dohody je&#8230;<\/p>\n","protected":false},"author":1,"featured_media":4499,"comment_status":"open","ping_status":"open","sticky":false,"template":"","format":"standard","meta":{"_monsterinsights_skip_tracking":false,"_monsterinsights_sitenote_active":false,"_monsterinsights_sitenote_note":"","_monsterinsights_sitenote_category":0,"footnotes":""},"categories":[367,134,369],"tags":[420,422,421],"class_list":["post-4498","post","type-post","status-publish","format-standard","has-post-thumbnail","hentry","category-evropa-armenie-cz","category-european-armenian-figure-cs","category-svet-cz","tag-armenie-2","tag-eu","tag-slovak"],"_links":{"self":[{"href":"https:\/\/orer.eu\/cs\/wp-json\/wp\/v2\/posts\/4498","targetHints":{"allow":["GET"]}}],"collection":[{"href":"https:\/\/orer.eu\/cs\/wp-json\/wp\/v2\/posts"}],"about":[{"href":"https:\/\/orer.eu\/cs\/wp-json\/wp\/v2\/types\/post"}],"author":[{"embeddable":true,"href":"https:\/\/orer.eu\/cs\/wp-json\/wp\/v2\/users\/1"}],"replies":[{"embeddable":true,"href":"https:\/\/orer.eu\/cs\/wp-json\/wp\/v2\/comments?post=4498"}],"version-history":[{"count":1,"href":"https:\/\/orer.eu\/cs\/wp-json\/wp\/v2\/posts\/4498\/revisions"}],"predecessor-version":[{"id":4503,"href":"https:\/\/orer.eu\/cs\/wp-json\/wp\/v2\/posts\/4498\/revisions\/4503"}],"wp:featuredmedia":[{"embeddable":true,"href":"https:\/\/orer.eu\/cs\/wp-json\/wp\/v2\/media\/4499"}],"wp:attachment":[{"href":"https:\/\/orer.eu\/cs\/wp-json\/wp\/v2\/media?parent=4498"}],"wp:term":[{"taxonomy":"category","embeddable":true,"href":"https:\/\/orer.eu\/cs\/wp-json\/wp\/v2\/categories?post=4498"},{"taxonomy":"post_tag","embeddable":true,"href":"https:\/\/orer.eu\/cs\/wp-json\/wp\/v2\/tags?post=4498"}],"curies":[{"name":"wp","href":"https:\/\/api.w.org\/{rel}","templated":true}]}}