{"id":4475,"date":"2019-06-01T01:56:00","date_gmt":"2019-05-31T22:56:00","guid":{"rendered":"https:\/\/orer.eu\/orer_rebrended\/?p=4475"},"modified":"2022-02-08T02:00:57","modified_gmt":"2022-02-07T23:00:57","slug":"33-rocnik-festivalu-komorni-hudby-cesky-krumlov","status":"publish","type":"post","link":"https:\/\/orer.eu\/cs\/2019\/06\/01\/33-rocnik-festivalu-komorni-hudby-cesky-krumlov\/","title":{"rendered":"33. ro\u010dn\u00edk Festivalu komorn\u00ed hudby \u010cesk\u00fd Krumlov"},"content":{"rendered":"\n<p>Od 28. \u010dervna do 7. \u010dervence 2019 se v&nbsp;\u010cesk\u00e9m Krumlov\u011b uskute\u010dn\u00ed ji\u017e 33. ro\u010dn\u00edk Festivalu komorn\u00ed hudby. I letos chce program p\u0159edstavit hudbu s&nbsp;\u00fazk\u00fdmi vazbami k&nbsp;\u010deskokrumlovsk\u00e9mu regionu a z\u00e1rove\u0148 skloubit unik\u00e1tn\u00ed prost\u0159ed\u00ed tohoto m\u011bsta s&nbsp;v\u011bhlasn\u00fdmi i m\u00e9n\u011b hran\u00fdmi skladbami v&nbsp;pod\u00e1n\u00ed \u0161pi\u010dkov\u00fdch interpret\u016f.<\/p>\n\n\n\n<p>Festival bude tradi\u010dn\u011b zah\u00e1jen&nbsp;<strong>Barokn\u00ed noc\u00ed na z\u00e1mku \u010cesk\u00fd Krumlov<\/strong>, kter\u00e1 umo\u017en\u00ed sou\u010dasn\u00e9mu n\u00e1v\u0161t\u011bvn\u00edkovi nahl\u00e9dnout do sv\u011bta velkorys\u00fdch barokn\u00edch slavnost\u00ed. Jde z\u00e1rove\u0148 o jednu z m\u00e1la p\u0159\u00edle\u017eitost\u00ed, kdy se v unik\u00e1tn\u011b dochovan\u00e9m z\u00e1meck\u00e9m divadle inscenuje p\u0159edstaven\u00ed s&nbsp;vyu\u017eit\u00edm p\u016fvodn\u00ed jevi\u0161tn\u00ed ma\u0161in\u00e9rie. Letos zde ans\u00e1mbl&nbsp;<strong>Capella Regia<\/strong>&nbsp;pod veden\u00edm&nbsp;<strong>Roberta Huga<\/strong>&nbsp;uvede operu&nbsp;<strong>Les Troqueurs<\/strong>, kterou napsal Antoine Dauvergne. Tato jednoaktovka znamenala v\u00fdznamn\u00fd kvalitativn\u00ed p\u0159ed\u011bl ve v\u00fdvoji francouzsk\u00e9 komick\u00e9 opery a po v\u00edde\u0148sk\u00e9m uveden\u00ed v&nbsp;roce 1758 si jej\u00ed opis po\u0159\u00eddili i Schwarzenbergov\u00e9.<\/p>\n\n\n\n<p>Nejslavn\u011bj\u0161\u00edm hudebn\u00edm t\u011blesem ve schwarzenbersk\u00fdch slu\u017eb\u00e1ch byla kn\u00ed\u017eec\u00ed harmonie, osmi\u010dlenn\u00e1 sestava dechov\u00fdch n\u00e1stroj\u016f, pro ni\u017e byly upraveny \u010di zkomponov\u00e1ny skladby, kter\u00e9 zahraje&nbsp;<strong>Harmonia Mozartiana Pragensis<\/strong>. N\u00e1v\u0161t\u011bvn\u00edci budou m\u00edt vz\u00e1cnou mo\u017enost vyslechnout si je v&nbsp;letohr\u00e1dku Bellaria v&nbsp;z\u00e1meck\u00e9 zahrad\u011b. Sv\u00e9 um\u011bn\u00ed schwarzenbersk\u00e9mu dvoru prokazateln\u011b p\u0159edvedl i violoncellov\u00fd virtu\u00f3z Anton\u00edn Kraft, jeho\u017e skladby p\u0159i&nbsp;<strong>nocturnu&nbsp;<\/strong>p\u0159edstav\u00ed<strong>&nbsp;Dominika Weiss-Ho\u0161kov\u00e1<\/strong>,&nbsp;<strong>Ji\u0159\u00ed Ho\u0161ek<\/strong>&nbsp;a houslista&nbsp;<strong>Miroslav Vil\u00edmec<\/strong>.&nbsp;<strong>Jazzband schwarzenbersk\u00e9 gardy<\/strong>&nbsp;na voln\u011b p\u0159\u00edstupn\u00e9m odpoledn\u00edm koncertu op\u011bt p\u0159ipomene reperto\u00e1r t\u011blesa, kter\u00e9 v \u010cesk\u00e9m Krumlov\u011b pod t\u00edmto n\u00e1zvem p\u016fsobilo mezi sv\u011btov\u00fdmi v\u00e1lkami.<\/p>\n\n\n\n<p>V\u00fdb\u011br z&nbsp;madrigal\u016f Bohuslava Martin\u016f, dopln\u011bn\u00fd o n\u011bkolik polyfonn\u00edch skladeb renesance i&nbsp;sou\u010dasnosti, zazp\u00edv\u00e1 ans\u00e1mbl&nbsp;<strong>Collegium 419<\/strong>. Festival se st\u00e1le hrd\u011b hl\u00e1s\u00ed k&nbsp;odkazu sv\u00e9ho n\u011bkdej\u0161\u00edho prezidenta, houslisty Josefa Suka. K&nbsp;jeho soukrom\u00fdm \u017e\u00e1k\u016fm pat\u0159il i&nbsp;<strong>Roman Pato\u010dka<\/strong>, kter\u00fd zahraje spole\u010dn\u011b se smy\u010dcov\u00fdm&nbsp;<strong>Amadeus Triem<\/strong>.<\/p>\n\n\n\n<p>Oblib\u011b publika se pr\u00e1vem t\u011b\u0161\u00edv\u00e1 koncert&nbsp;<strong>Jazz nad Vltavou<\/strong>&nbsp;na terase hotelu R\u016f\u017ee. Se svou skupinou a vok\u00e1ln\u00edm triem&nbsp;<strong>The Rhythm Girls&nbsp;<\/strong>zde vystoup\u00ed hr\u00e1\u010d na foukac\u00ed harmoniku a zp\u011bv\u00e1k&nbsp;<strong>Charlie Slav\u00edk<\/strong>.<\/p>\n\n\n\n<p>Jako symbolick\u00e9 pod\u011bkov\u00e1n\u00ed za t\u0159icet let \u017eivota ve svobodn\u00e9 spole\u010dnosti provede&nbsp;<strong>Ensemble In\u00e9gal&nbsp;<\/strong>v&nbsp;r\u00e1mci z\u00e1v\u011bre\u010dn\u00e9ho ve\u010dera Dvo\u0159\u00e1kovu m\u0161i D dur a n\u011bkolik dal\u0161\u00edch jeho duchovn\u00edch skladeb.<\/p>\n\n\n\n<p>O festivalov\u00fd dov\u011btek se postar\u00e1 dvojice mlad\u00fdch hudebn\u00edk\u016f, saxofonistka&nbsp;<strong>\u0160t\u011bp\u00e1nka \u0160ediv\u00e1kov\u00e1<\/strong>&nbsp;a akordeonista&nbsp;<strong>Filip Kratochv\u00edl<\/strong>, s programem na pomez\u00ed klasick\u00e9 hudby, jazzu \u010di klezmeru.<\/p>\n","protected":false},"excerpt":{"rendered":"<p>Od 28. \u010dervna do 7. \u010dervence 2019 se v&nbsp;\u010cesk\u00e9m Krumlov\u011b uskute\u010dn\u00ed ji\u017e 33. ro\u010dn\u00edk Festivalu komorn\u00ed hudby. I letos chce program p\u0159edstavit hudbu s&nbsp;\u00fazk\u00fdmi vazbami k&nbsp;\u010deskokrumlovsk\u00e9mu regionu a z\u00e1rove\u0148 skloubit unik\u00e1tn\u00ed prost\u0159ed\u00ed tohoto m\u011bsta s&nbsp;v\u011bhlasn\u00fdmi i m\u00e9n\u011b hran\u00fdmi skladbami v&nbsp;pod\u00e1n\u00ed \u0161pi\u010dkov\u00fdch interpret\u016f. Festival bude tradi\u010dn\u011b zah\u00e1jen&nbsp;Barokn\u00ed noc\u00ed na z\u00e1mku \u010cesk\u00fd Krumlov, kter\u00e1 umo\u017en\u00ed sou\u010dasn\u00e9mu n\u00e1v\u0161t\u011bvn\u00edkovi&#8230;<\/p>\n","protected":false},"author":1,"featured_media":4476,"comment_status":"open","ping_status":"open","sticky":false,"template":"","format":"standard","meta":{"_monsterinsights_skip_tracking":false,"_monsterinsights_sitenote_active":false,"_monsterinsights_sitenote_note":"","_monsterinsights_sitenote_category":0,"footnotes":""},"categories":[401,392,383],"tags":[414,415],"class_list":["post-4475","post","type-post","status-publish","format-standard","has-post-thumbnail","hentry","category-ceske-armenske-zpravy","category-hudba","category-kultura","tag-cesky-krumlov","tag-festival"],"_links":{"self":[{"href":"https:\/\/orer.eu\/cs\/wp-json\/wp\/v2\/posts\/4475","targetHints":{"allow":["GET"]}}],"collection":[{"href":"https:\/\/orer.eu\/cs\/wp-json\/wp\/v2\/posts"}],"about":[{"href":"https:\/\/orer.eu\/cs\/wp-json\/wp\/v2\/types\/post"}],"author":[{"embeddable":true,"href":"https:\/\/orer.eu\/cs\/wp-json\/wp\/v2\/users\/1"}],"replies":[{"embeddable":true,"href":"https:\/\/orer.eu\/cs\/wp-json\/wp\/v2\/comments?post=4475"}],"version-history":[{"count":3,"href":"https:\/\/orer.eu\/cs\/wp-json\/wp\/v2\/posts\/4475\/revisions"}],"predecessor-version":[{"id":4482,"href":"https:\/\/orer.eu\/cs\/wp-json\/wp\/v2\/posts\/4475\/revisions\/4482"}],"wp:featuredmedia":[{"embeddable":true,"href":"https:\/\/orer.eu\/cs\/wp-json\/wp\/v2\/media\/4476"}],"wp:attachment":[{"href":"https:\/\/orer.eu\/cs\/wp-json\/wp\/v2\/media?parent=4475"}],"wp:term":[{"taxonomy":"category","embeddable":true,"href":"https:\/\/orer.eu\/cs\/wp-json\/wp\/v2\/categories?post=4475"},{"taxonomy":"post_tag","embeddable":true,"href":"https:\/\/orer.eu\/cs\/wp-json\/wp\/v2\/tags?post=4475"}],"curies":[{"name":"wp","href":"https:\/\/api.w.org\/{rel}","templated":true}]}}