{"id":31536,"date":"2023-03-16T18:04:30","date_gmt":"2023-03-16T15:04:30","guid":{"rendered":"https:\/\/orer.eu\/?p=31536"},"modified":"2023-03-16T18:04:31","modified_gmt":"2023-03-16T15:04:31","slug":"prijmy-z-cestovniho-ruchu-loni-dosahly-uz-118-miliard-a-dale-rostou-vic-tak-pomahaji-ceskemu-hospodarstvi","status":"publish","type":"post","link":"https:\/\/orer.eu\/cs\/2023\/03\/16\/prijmy-z-cestovniho-ruchu-loni-dosahly-uz-118-miliard-a-dale-rostou-vic-tak-pomahaji-ceskemu-hospodarstvi\/","title":{"rendered":"<strong>P\u0159\u00edjmy z\u00a0cestovn\u00edho ruchu loni dos\u00e1hly u\u017e 118 miliard a d\u00e1le rostou. V\u00edc tak pom\u00e1haj\u00ed \u010desk\u00e9mu hospod\u00e1\u0159stv\u00ed<\/strong>"},"content":{"rendered":"\n<p>(Praha, 16. b\u0159ezna 2023)<strong> <\/strong><strong>O t\u00e9m\u011b\u0159 51,2 mld. K\u010d vy\u0161\u0161\u00ed ne\u017e v&nbsp;roce 2021 byly loni p\u0159\u00edjmy \u010ceska z&nbsp;cestovn\u00edho ruchu. Celkem se jednalo o cca 118 mld. K\u010d. I kdy\u017e je\u0161t\u011b nedos\u00e1hly stavu p\u0159ed pandemi\u00ed covidu-19, p\u0159ekonaly u\u017e stomiliardovou hranici. Kladn\u00e9 bylo i saldo turismu, a to 2 mld. K\u010d. <\/strong><strong>Vypl\u00fdv\u00e1 to z p\u0159ehledu platebn\u00ed bilance cestovn\u00edho ruchu \u010ceska, kter\u00fd na z\u00e1klad\u011b \u00fadaj\u016f \u010cesk\u00e9 n\u00e1rodn\u00ed banky p\u0159ipravil Institut turismu \u010cesk\u00e9 centr\u00e1ly cestovn\u00edho ruchu \u2013 CzechTourism.<\/strong>&nbsp; <strong><\/strong><\/p>\n\n\n\n<p>Zat\u00edmco v&nbsp;roce 2021 byly <strong>p\u0159\u00edjmy<\/strong> \u010ceska z&nbsp;cestovn\u00edho ruchu 66,8 mld. K\u010d, rok p\u0159edt\u00edm se jednalo o 83 mld. K\u010d.<\/p>\n\n\n\n<p>V&nbsp;p\u0159edcovidov\u00e9m roce 2019 byly 167 mld. K\u010d. Loni poprv\u00e9 od pandemie p\u0159ekro\u010dily stomiliardovou hranici, kdy\u017e \u010dinily celkem 118 mld. K\u010d. Do p\u0159\u00edjm\u016fz&nbsp;mezin\u00e1rodn\u00edho cestovn\u00edho ruchu se zahrnuj\u00ed n\u00e1klady na cestu zahrani\u010dn\u00edch turist\u016f a v\u00fdletn\u00edk\u016f. Nejv\u011bt\u0161\u00ed \u010d\u00e1stku tvo\u0159\u00ed ubytov\u00e1n\u00ed, stravov\u00e1n\u00ed a doprava.<\/p>\n\n\n\n<p><em>\u201eI kdy\u017e loni v\u00fdrazn\u011b v\u00edc ne\u017e d\u0159\u00edv <\/em><a href=\"https:\/\/www.czechtourism.cz\/cs-CZ\/Novinky\/Archiv\/2023\/02\/Cesi-loni-po-Cesku-cestovali-nejvic-v-novodobe-his\"><em>po \u010cesku cestovali dom\u00e1c\u00ed turist\u00e9<\/em><\/a><em> a host\u016f z&nbsp;okoln\u00edch st\u00e1t\u016f u\u017e bylo t\u00e9m\u011b\u0159 stejn\u011b jako p\u0159ed pandemi\u00ed covidu-19, st\u00e1le chyb\u011bli a chyb\u00ed bonitn\u011bj\u0161\u00ed turist\u00e9 ze vzd\u00e1len\u00fdch zem\u00ed, zejm\u00e9na z&nbsp;Asie. Situaci pomohou zm\u011bnit p\u0159\u00edm\u00e9 d\u00e1lkov\u00e9 lety, na jejich\u017e obnoven\u00ed \u010di nov\u00e9m zaveden\u00ed spolu s&nbsp;Leti\u0161t\u011bm Praha usilovn\u011b pracujeme. Skv\u011blou zpr\u00e1vou tak je v\u010dera ozn\u00e1men\u00e9 \u010dervencov\u00e9 spu\u0161t\u011bn\u00ed p\u0159\u00edm\u00fdch let\u016f na <\/em><a href=\"https:\/\/www.czechtourism.cz\/cs-CZ\/Novinky\/Archiv\/2023\/03\/Z-Letiste-Vaclava-Havla-Praha-primo-na-Tchaj-wan-O\"><em>Tchaj-wan<\/em><\/a><em>,\u201c<\/em> \u0159\u00edk\u00e1 <strong>\u0159editel \u010cesk\u00e9 centr\u00e1ly cestovn\u00edho ruchu \u2013 CzechTourism Jan Herget<\/strong> a dod\u00e1v\u00e1: <em>\u201eJde o dal\u0161\u00ed letos avizovan\u00fd p\u0159\u00edm\u00fd let, ten prvn\u00ed bude p\u0159\u00edm\u00e1 linka <\/em><a href=\"https:\/\/www.czechtourism.cz\/cs-CZ\/Novinky\/Archiv\/2023\/01\/Korean-Air-opet-nabidne-spojeni-z-Prahy-do-Soulu\"><em>Praha \u2013 Soul<\/em><\/a><em>, kter\u00e1 m\u00e1 za\u010d\u00edt l\u00e9tat u\u017e za deset dn\u016f.\u201c<\/em><\/p>\n\n\n\n<p><strong>V\u00fddaje<\/strong> na&nbsp;cestovn\u00ed ruch loni \u010dinily 116 mld. K\u010d, meziro\u010dn\u011b to znamen\u00e1 o 46 mld. v\u00edce, ve srovn\u00e1n\u00ed s p\u0159edkoronavirov\u00fdm obdob\u00edm 2019 byl stav -19 mld K\u010d. Do v\u00fddaj\u016f z&nbsp;turismu se zahrnuj\u00ed \u00fatraty za dovolenou \u010cech\u016f v&nbsp;zahrani\u010d\u00ed. Podle Institutu turismu ji v&nbsp;zim\u011b 22\/23 <a href=\"https:\/\/www.czechtourism.cz\/cs-CZ\/Novinky\/Archiv\/2022\/12\/Behem-zimni-dovolene-chteji-Cesi-hlavne-odpocivat\">pl\u00e1novalo 10 % obyvatel \u010cR<\/a>.<\/p>\n\n\n\n<p><strong>Saldo<\/strong><strong> <\/strong>platebn\u00ed bilance cestovn\u00edho ruchu, srovn\u00e1me-li roky 2019, 2020, 2021 a lo\u0148sk\u00fd, bylo nejv\u00edc v&nbsp;plusu p\u0159ed pandemi\u00ed koronaviru. Dos\u00e1hlo 32,4 mld. K\u010d. O rok pozd\u011bji kleslo na 5 mld. K\u010d a v&nbsp;roce 2021 bylo dokonce z\u00e1porn\u00e9, a to -3,1 mld. K\u010d. <em><\/em><\/p>\n\n\n\n<p><em>\u201eNejv\u00edc se loni na p\u0159\u00edjmech \u010ceska z&nbsp;cestovn\u00edho ruchu pod\u00edlela Ukrajina, \u0161lo o t\u00e9m\u011b\u0159 42 mld. K\u010d. N\u00e1sledovala N\u011bmecko se 17,7 mld. K\u010d a Polsko s&nbsp;12,3 mld. K\u010d. Do pomysln\u00e9 TOP 5 se dostalo Slovensko s&nbsp;12,3 mld. K\u010d a Spojen\u00e9 st\u00e1ty americk\u00e9 s&nbsp;cca 3 mld. K\u010d<\/em>,\u201c \u0159\u00edk\u00e1 <strong>vedouc\u00ed Institutu turismu \u010cesk\u00e9 centr\u00e1ly cestovn\u00edho ruchu \u2013 CzechTourism Petr Jane\u010dek<\/strong> a dod\u00e1v\u00e1<em>: \u201eZat\u00edmco u Ukrajiny v\u00fdsledek velmi souvis\u00ed s&nbsp;aktu\u00e1ln\u00ed v\u00e1le\u010dnou situac\u00ed, ostatn\u00ed zem\u011b pat\u0159\u00ed dlouhodob\u011b mezi ty, jejich\u017e turist\u00e9 do \u010ceska jezd\u00ed nej\u010dast\u011bji. A po z\u00edt\u0159ej\u0161\u00edm veletrhu <\/em><a href=\"https:\/\/www.czechtourism.cz\/cs-CZ\/Novinky\/Archiv\/2023\/03\/HOLIDAY-WORLD-REGION-WORLD-2023\"><em>Holiday World a Region World<\/em><\/a><em>, kde mimo jin\u00e9 po\u0159\u00e1d\u00e1me <\/em><a href=\"https:\/\/www.czechtourism.cz\/cs-CZ\/Novinky\/Archiv\/2023\/03\/Udrzitelnosti-turismu-se-bude-venovat-Forum-cestov\"><em>F\u00f3rum cestovn\u00edho ruchu<\/em><\/a><em>, se d\u00e1 \u010dekat, \u017ee by k&nbsp;n\u00e1m mohlo jezdit Slov\u00e1k\u016f je\u0161t\u011b v\u00edc, stejn\u011b jako by \u010ce\u0161i mohli za\u010d\u00edt v\u00edc jezdit na Slovensko. Akce se toti\u017e ponese ve znamen\u00ed 30 let od vzniku samostatn\u00e9ho \u010ceska a Slovenska a sou\u010dasn\u00fdch velmi dobr\u00fdch \u010desko-slovensk\u00fdch vztah\u016f.\u201c&nbsp; &nbsp;&nbsp;&nbsp;<\/em><\/p>\n\n\n\n<p>Zahrani\u010dn\u00ed turist\u00e9 loni v&nbsp;\u010cesku utratili pr\u016fm\u011brn\u011b 1 907 K\u010d na osobu a den. Ve srovn\u00e1n\u00ed s&nbsp;rokem 2019 to bylo zhruba o 300 K\u010d na os\/den m\u00e9n\u011b. Pro \u00faplnost: v&nbsp;roce 2021 utratili pr\u016fm\u011brn\u011b 1 559 K\u010d, v&nbsp;roce 2020 se jednalo celkem o 1 818 K\u010d.<\/p>\n\n\n\n<p><em>P\u0159\u00edlohy TZ:<\/em><\/p>\n\n\n\n<ul class=\"wp-block-list\">\n<li><em>V\u00fdvoj platebn\u00ed bilance cestovn\u00edho ruchu v&nbsp;letech 2022, 2021, 2020 a 2019<\/em><\/li>\n\n\n\n<li><em>Dal\u0161\u00ed informace jsou k&nbsp;dispozici na <\/em><a href=\"https:\/\/tourdata.cz\/data\/platebnibilance\/\"><em>https:\/\/tourdata.cz\/data\/platebnibilance\/<\/em><\/a><em><\/em><\/li>\n<\/ul>\n","protected":false},"excerpt":{"rendered":"<p>(Praha, 16. b\u0159ezna 2023) O t\u00e9m\u011b\u0159 51,2 mld. K\u010d vy\u0161\u0161\u00ed ne\u017e v&nbsp;roce 2021 byly loni p\u0159\u00edjmy \u010ceska z&nbsp;cestovn\u00edho ruchu. Celkem se jednalo o cca 118 mld. K\u010d. I kdy\u017e je\u0161t\u011b nedos\u00e1hly stavu p\u0159ed pandemi\u00ed covidu-19, p\u0159ekonaly u\u017e stomiliardovou hranici. Kladn\u00e9 bylo i saldo turismu, a to 2 mld. K\u010d. Vypl\u00fdv\u00e1 to z p\u0159ehledu platebn\u00ed bilance&#8230;<\/p>\n","protected":false},"author":1,"featured_media":25647,"comment_status":"open","ping_status":"open","sticky":false,"template":"","format":"standard","meta":{"_monsterinsights_skip_tracking":false,"_monsterinsights_sitenote_active":false,"_monsterinsights_sitenote_note":"","_monsterinsights_sitenote_category":0,"footnotes":""},"categories":[401,998],"tags":[2607,2185],"class_list":["post-31536","post","type-post","status-publish","format-standard","has-post-thumbnail","hentry","category-ceske-armenske-zpravy","category-novinky","tag-ceska","tag-czechtourism"],"_links":{"self":[{"href":"https:\/\/orer.eu\/cs\/wp-json\/wp\/v2\/posts\/31536","targetHints":{"allow":["GET"]}}],"collection":[{"href":"https:\/\/orer.eu\/cs\/wp-json\/wp\/v2\/posts"}],"about":[{"href":"https:\/\/orer.eu\/cs\/wp-json\/wp\/v2\/types\/post"}],"author":[{"embeddable":true,"href":"https:\/\/orer.eu\/cs\/wp-json\/wp\/v2\/users\/1"}],"replies":[{"embeddable":true,"href":"https:\/\/orer.eu\/cs\/wp-json\/wp\/v2\/comments?post=31536"}],"version-history":[{"count":1,"href":"https:\/\/orer.eu\/cs\/wp-json\/wp\/v2\/posts\/31536\/revisions"}],"predecessor-version":[{"id":31537,"href":"https:\/\/orer.eu\/cs\/wp-json\/wp\/v2\/posts\/31536\/revisions\/31537"}],"wp:featuredmedia":[{"embeddable":true,"href":"https:\/\/orer.eu\/cs\/wp-json\/wp\/v2\/media\/25647"}],"wp:attachment":[{"href":"https:\/\/orer.eu\/cs\/wp-json\/wp\/v2\/media?parent=31536"}],"wp:term":[{"taxonomy":"category","embeddable":true,"href":"https:\/\/orer.eu\/cs\/wp-json\/wp\/v2\/categories?post=31536"},{"taxonomy":"post_tag","embeddable":true,"href":"https:\/\/orer.eu\/cs\/wp-json\/wp\/v2\/tags?post=31536"}],"curies":[{"name":"wp","href":"https:\/\/api.w.org\/{rel}","templated":true}]}}