{"id":30981,"date":"2023-03-04T20:59:13","date_gmt":"2023-03-04T17:59:13","guid":{"rendered":"https:\/\/orer.eu\/?p=30981"},"modified":"2023-03-04T21:00:11","modified_gmt":"2023-03-04T18:00:11","slug":"jeden-svet-predstavuje-filmovy-program-nabidne-desitky-dokumenturozsirene-debaty-i-virtualni-realitu","status":"publish","type":"post","link":"https:\/\/orer.eu\/cs\/2023\/03\/04\/jeden-svet-predstavuje-filmovy-program-nabidne-desitky-dokumenturozsirene-debaty-i-virtualni-realitu\/","title":{"rendered":"Jeden sv\u011bt p\u0159edstavuje filmov\u00fd program. Nab\u00eddne des\u00edtky dokument\u016f,<br>roz\u0161\u00ed\u0159en\u00e9 debaty i virtu\u00e1ln\u00ed realitu"},"content":{"rendered":"\n<p><br><br>Rusk\u00e1 invaze na Ukrajin\u011b, energetick\u00e1 krize, klimatick\u00e9 zm\u011bny, ale i soci\u00e1ln\u00ed<br>nejistoty. To v\u0161e jsou situace, kter\u00e9 podtrhuj\u00ed k\u0159ehkost a hodnotu Ceny bezpe\u010d\u00ed,<br>podtitulu leto\u0161n\u00edho ro\u010dn\u00edku Jednoho sv\u011bta, kter\u00fd odkazuje pr\u00e1v\u011b na jednu ze<br>z\u00e1kladn\u00edch lidsk\u00fdch pot\u0159eb. Bezpe\u010d\u00ed a cena, kterou jsme za n\u011bj ochotni platit, v\u0161ak<br>pro ka\u017ed\u00e9ho z n\u00e1s m\u016f\u017ee znamenat n\u011bco jin\u00e9ho. I proto se Jeden sv\u011bt rozhodl<br>nahl\u00e9dnout na t\u00e9ma z r\u016fzn\u00fdch \u00fahl\u016f pohledu a reflektovat ho nap\u0159\u00ed\u010d cel\u00fdm<br>filmov\u00fdm programem. Festival letos p\u0159edstav\u00ed 75 celove\u010dern\u00edch dokument\u016f a 10<br>sn\u00edmk\u016f ve virtu\u00e1ln\u00ed realit\u011b. Nab\u00eddne debatn\u00ed program s hosty a hostkami z cel\u00e9ho<br>sv\u011bta nebo kr\u00e1tk\u00e9 filmy pro d\u011bti. Dvac\u00e1t\u00fd p\u00e1t\u00fd ro\u010dn\u00edk Mezin\u00e1rodn\u00edho festivalu<br>dokument\u00e1rn\u00edch film\u016f o lidsk\u00fdch pr\u00e1vech Jeden sv\u011bt prob\u011bhne ve 28 m\u011bstech po<br>cel\u00e9m \u010cesku od 22. b\u0159ezna do 2. dubna. V Praze se div\u00e1ci a diva\u010dky mohou t\u011b\u0161it<br>na festival od 22. do 30. b\u0159ezna.<br>Festival zah\u00e1j\u00ed sn\u00edmek P\u0159ekonat temnotu, nato\u010den\u00fd kolektivem ukrajinsk\u00fdch filma\u0159\u016f a<br>filma\u0159ek b\u011bhem prvn\u00edch t\u00fddn\u016f v\u00e1lky. P\u0159\u00edb\u011bhov\u00e1 mozaika, pod n\u00ed\u017e je podepsan\u00fd autorsk\u00fd<br>kolektiv Kinodopomoha, p\u0159in\u00e1\u0161\u00ed mraziv\u00e1 sv\u011bdectv\u00ed ukrajinsk\u00e9ho lidu \u010del\u00edc\u00edho rusk\u00e9 invazi.<br>Sn\u00edmek do Prahy doprovod\u00ed producentka Olga Beskhmelnytsina a jeden z re\u017eis\u00e9r\u016f Yegor<br>Troyanovsky.<\/p>\n\n\n\n<figure class=\"wp-block-gallery has-nested-images columns-default is-cropped wp-block-gallery-1 is-layout-flex wp-block-gallery-is-layout-flex\">\n<figure class=\"wp-block-image size-large\"><img loading=\"lazy\" decoding=\"async\" width=\"1024\" height=\"554\" data-id=\"30977\" src=\"https:\/\/orer.eu\/wp-content\/uploads\/2023\/03\/jeden-svet-1024x554.jpg\" alt=\"\" class=\"wp-image-30977\" srcset=\"https:\/\/orer.eu\/wp-content\/uploads\/2023\/03\/jeden-svet-1024x554.jpg 1024w, https:\/\/orer.eu\/wp-content\/uploads\/2023\/03\/jeden-svet-300x162.jpg 300w, https:\/\/orer.eu\/wp-content\/uploads\/2023\/03\/jeden-svet-768x415.jpg 768w, https:\/\/orer.eu\/wp-content\/uploads\/2023\/03\/jeden-svet-1536x830.jpg 1536w, https:\/\/orer.eu\/wp-content\/uploads\/2023\/03\/jeden-svet.jpg 1920w\" sizes=\"auto, (max-width: 1024px) 100vw, 1024px\" \/><\/figure>\n\n\n\n<figure class=\"wp-block-image size-large\"><img loading=\"lazy\" decoding=\"async\" width=\"1024\" height=\"683\" data-id=\"30973\" src=\"https:\/\/orer.eu\/wp-content\/uploads\/2023\/03\/jeden-svet-4-1024x683.jpg\" alt=\"\" class=\"wp-image-30973\" srcset=\"https:\/\/orer.eu\/wp-content\/uploads\/2023\/03\/jeden-svet-4-1024x683.jpg 1024w, https:\/\/orer.eu\/wp-content\/uploads\/2023\/03\/jeden-svet-4-300x200.jpg 300w, https:\/\/orer.eu\/wp-content\/uploads\/2023\/03\/jeden-svet-4-768x512.jpg 768w, https:\/\/orer.eu\/wp-content\/uploads\/2023\/03\/jeden-svet-4-1536x1025.jpg 1536w, https:\/\/orer.eu\/wp-content\/uploads\/2023\/03\/jeden-svet-4.jpg 2048w\" sizes=\"auto, (max-width: 1024px) 100vw, 1024px\" \/><\/figure>\n\n\n\n<figure class=\"wp-block-image size-large\"><img loading=\"lazy\" decoding=\"async\" width=\"1024\" height=\"683\" data-id=\"30968\" src=\"https:\/\/orer.eu\/wp-content\/uploads\/2023\/03\/jeden-svet5-1024x683.jpg\" alt=\"\" class=\"wp-image-30968\" srcset=\"https:\/\/orer.eu\/wp-content\/uploads\/2023\/03\/jeden-svet5-1024x683.jpg 1024w, https:\/\/orer.eu\/wp-content\/uploads\/2023\/03\/jeden-svet5-300x200.jpg 300w, https:\/\/orer.eu\/wp-content\/uploads\/2023\/03\/jeden-svet5-768x512.jpg 768w, https:\/\/orer.eu\/wp-content\/uploads\/2023\/03\/jeden-svet5-1536x1025.jpg 1536w, https:\/\/orer.eu\/wp-content\/uploads\/2023\/03\/jeden-svet5.jpg 2048w\" sizes=\"auto, (max-width: 1024px) 100vw, 1024px\" \/><\/figure>\n<\/figure>\n\n\n\n<p><br>Zahajovac\u00ed ceremoni\u00e1l jubilejn\u00edho p\u011btadvac\u00e1t\u00e9ho ro\u010dn\u00edku Jednoho sv\u011bta prob\u011bhne tradi\u010dn\u011b<br>v Pra\u017esk\u00e9 k\u0159i\u017eovatce. Jeho sou\u010d\u00e1st\u00ed bude p\u0159ed\u00e1v\u00e1n\u00ed lidskopr\u00e1vn\u00edho ocen\u011bn\u00ed Homo Homini.<br>Leto\u0161n\u00edm laure\u00e1tem je venezuelsk\u00fd aktivista Javier Tarazona.<br>T\u00e9ma Cena bezpe\u010d\u00ed se v r\u016fzn\u00fdch podob\u00e1ch prom\u00edtne ve sn\u00edmc\u00edch v\u0161ech sout\u011b\u017en\u00edch i<br>nesout\u011b\u017en\u00edch kategori\u00ed. Filmov\u00fd program nab\u00eddne celkem 75 celove\u010dern\u00edch dokument\u016f, 10<br>film\u016f ve virtu\u00e1ln\u00ed realit\u011b a 5 kr\u00e1tk\u00fdch film\u016f pro d\u011bti. Diva\u010dky a div\u00e1ci se mohou t\u011b\u0161it na<br>tradi\u010dn\u00ed sout\u011b\u017en\u00ed sekce (Mezin\u00e1rodn\u00ed sout\u011b\u017e, \u010cesk\u00e1 sout\u011b\u017e, M\u00e1te pr\u00e1vo v\u011bd\u011bt), k nim\u017e<br>nov\u011b p\u0159ibude sout\u011b\u017en\u00ed kategorie pro VR filmy Jeden sv\u011bt interaktivn\u011b. Festival krom\u011b<br>toho v\u0161ak nab\u00eddne tak\u00e9 7 tematick\u00fdch kategori\u00ed, kter\u00e9 filmy sdru\u017e\u00ed do sekc\u00ed Nov\u00e1 bo\u017estva,<br>S\u00edla \u017een, Ukrajina, Udr\u017eitelnost, Vztahy, Vyko\u0159en\u011bn\u00ed a S\u00edt\u011b.<br>Nejnov\u011bj\u0161\u00ed dokumenty z cel\u00e9ho sv\u011bta publiku nab\u00eddne Mezin\u00e1rodn\u00ed sout\u011b\u017e. Uvede<br>nap\u0159\u00edklad nov\u00fd film re\u017eis\u00e9ra Vitalije Mansk\u00e9ho V\u00fdchodn\u00ed fronta, v n\u011bm\u017e tv\u016frce sleduje<br>ka\u017edodenn\u00ed \u017eivot dobrovoln\u00fdch medik\u016f v prvn\u00edch \u0161esti m\u011bs\u00edc\u00edch v\u00e1lky na Ukrajin\u011b. Do<br>sousedn\u00edho B\u011bloruska zase diva\u010dky a div\u00e1ky zavede re\u017eis\u00e9rsk\u00e1 dvojice Hanna Badziaka a<br>Alexander Mihalkovich. Ve filmu Matka vlast ukazuj\u00ed, \u017ee v zemi jsou potla\u010dov\u00e1na nejen<br>lidsk\u00e1 pr\u00e1va kritik\u016f re\u017eimu, ale tak\u00e9 t\u011bch, kte\u0159\u00ed jsou tvrd\u00fdmi prost\u0159edky vycvi\u010deni k tomu,<br>aby jej chr\u00e1nili. Jak soudit b\u00fdval\u00e9ho d\u011btsk\u00e9ho voj\u00e1ka? Na to se ve sn\u00edmku Divadlo n\u00e1sil\u00ed<br>zeptaj\u00ed re\u017eis\u00e9\u0159i Lukasz Konopa a Emil Langballe, kte\u0159\u00ed s kamerou nav\u0161t\u00edv\u00ed s\u00ed\u0148 Mezin\u00e1rodn\u00edho<br>trestn\u00edho soudu, j\u00edm\u017e je souzen jeden z velitel\u016f ugandsk\u00e9 partyz\u00e1nsk\u00e9 arm\u00e1dy. Situaci na<br>trhu pr\u00e1ce \u010dekaj\u00ed v bl\u00edzk\u00e9 budoucnosti velk\u00e9 zm\u011bny. Kv\u016fli rapidn\u00edmu rozmachu<br>automatizace mohou zaniknout stovky milion\u016f pracovn\u00edch m\u00edst. Jak by to ovlivnilo na\u0161i<br>spole\u010dnost? I to ve filmu Postpr\u00e1ce rozebere re\u017eis\u00e9r Erik Gandini, kter\u00fd bude tak\u00e9 jedn\u00edm<br>z leto\u0161n\u00edch festivalov\u00fdch host\u016f. Do sv\u011bta sou\u010dasn\u00e9ho um\u011bn\u00ed \u010dasto sv\u00e1zan\u00e9ho s tvrd\u00fdm<br>byznysem umo\u017en\u00ed nahl\u00e9dnout film Apolonia, Apolonia re\u017eis\u00e9rky Ley Glob, v n\u011bm\u017e b\u011bhem<br>t\u0159in\u00e1cti let sleduje \u017eivot um\u011blkyn\u011b Apolonie Sokol. Film na festival do Prahy doprovod\u00ed jak<br>re\u017eis\u00e9rka, tak protagonistka.<\/p>\n\n\n\n<figure class=\"wp-block-gallery has-nested-images columns-default is-cropped wp-block-gallery-2 is-layout-flex wp-block-gallery-is-layout-flex\">\n<figure class=\"wp-block-image size-large\"><img loading=\"lazy\" decoding=\"async\" width=\"1024\" height=\"683\" data-id=\"30967\" src=\"https:\/\/orer.eu\/wp-content\/uploads\/2023\/03\/jeden-svet-3-1024x683.jpg\" alt=\"\" class=\"wp-image-30967\" srcset=\"https:\/\/orer.eu\/wp-content\/uploads\/2023\/03\/jeden-svet-3-1024x683.jpg 1024w, https:\/\/orer.eu\/wp-content\/uploads\/2023\/03\/jeden-svet-3-300x200.jpg 300w, https:\/\/orer.eu\/wp-content\/uploads\/2023\/03\/jeden-svet-3-768x512.jpg 768w, https:\/\/orer.eu\/wp-content\/uploads\/2023\/03\/jeden-svet-3-1536x1025.jpg 1536w, https:\/\/orer.eu\/wp-content\/uploads\/2023\/03\/jeden-svet-3.jpg 2048w\" sizes=\"auto, (max-width: 1024px) 100vw, 1024px\" \/><\/figure>\n\n\n\n<figure class=\"wp-block-image size-large\"><img loading=\"lazy\" decoding=\"async\" width=\"1024\" height=\"683\" data-id=\"30960\" src=\"https:\/\/orer.eu\/wp-content\/uploads\/2023\/03\/jeden-svet-2-1024x683.jpg\" alt=\"\" class=\"wp-image-30960\" srcset=\"https:\/\/orer.eu\/wp-content\/uploads\/2023\/03\/jeden-svet-2-1024x683.jpg 1024w, https:\/\/orer.eu\/wp-content\/uploads\/2023\/03\/jeden-svet-2-300x200.jpg 300w, https:\/\/orer.eu\/wp-content\/uploads\/2023\/03\/jeden-svet-2-768x512.jpg 768w, https:\/\/orer.eu\/wp-content\/uploads\/2023\/03\/jeden-svet-2-1536x1025.jpg 1536w, https:\/\/orer.eu\/wp-content\/uploads\/2023\/03\/jeden-svet-2.jpg 2048w\" sizes=\"auto, (max-width: 1024px) 100vw, 1024px\" \/><\/figure>\n<\/figure>\n\n\n\n<p><br>Sout\u011b\u017en\u00ed sekce M\u00e1te pr\u00e1vo v\u011bd\u011bt tradi\u010dn\u011b rozkr\u00fdv\u00e1 p\u0159\u00edpady poru\u0161ov\u00e1n\u00ed lidsk\u00fdch pr\u00e1v a<br>upozor\u0148uje na p\u0159\u00edb\u011bhy, kter\u00e9 by nem\u011bly z\u016fstat bez pov\u0161imnut\u00ed. Jedn\u00edm z nich je nap\u0159\u00edklad<br>sn\u00edmek To mus\u00edte za\u017e\u00edt re\u017eis\u00e9rky Poliny Georgescu o boji proti potla\u010dov\u00e1n\u00ed pr\u00e1v queer<br>osob v Ma\u010farsku. Co se stane, kdy\u017e se hudebn\u00ed celebrita rozhodne u\u010dinit p\u0159\u00edtr\u017e desetilet\u00ed<br>trvaj\u00edc\u00ed vl\u00e1d\u011b jednoho prezidenta a svou kandidaturou rozv\u00ed\u0159\u00ed v rytmu reggae politickou<br>sc\u00e9nu? To uk\u00e1\u017ee portr\u00e9t ugandsk\u00e9ho prezidentsk\u00e9ho kandid\u00e1ta Bobi Wine: Prezidentsk\u00e9<br>reggae, nato\u010den\u00fd Christopherem Sharpem. Kategorie d\u00e1v\u00e1 prostor tak\u00e9 film\u016fm o<br>inspirativn\u00edch aktivistick\u00fdch osobnostech, kter\u00e9 bojuj\u00ed za zlep\u0161en\u00ed podm\u00ednek ve sv\u00e9 zemi.<br>P\u0159\u00edkladem je televizn\u00ed report\u00e9r Ravi\u0161 Kum\u00e1r, kter\u00fd ve filmu A my tomu p\u0159ihl\u00ed\u017eeli broj\u00ed<br>proti nebezpe\u010d\u00ed radikalizace indick\u00e9 spole\u010dnosti a buj\u00edc\u00edho nacionalismu v zemi.<br><\/p>\n\n\n\n<p>Nov\u00e1 bo\u017estva, s\u00edla \u017een i p\u0159\u00edb\u011bhy z Ukrajiny<br>Uplynul v\u00edce ne\u017e rok od chv\u00edle, kdy Rusko zah\u00e1jilo invazi na Ukrajinu a rozpoutalo<br>otev\u0159enou v\u00e1lku trvaj\u00edc\u00ed dodnes. Jeden sv\u011bt proto letos v tematick\u00e9 kategorii p\u0159ipravil<br>speci\u00e1ln\u00ed fokus v\u011bnovan\u00fd pr\u00e1v\u011b Ukrajin\u011b. Festival uvede nap\u0159\u00edklad sn\u00edmek Nevyhasneme<br>re\u017eis\u00e9rky Alisy Kovalenko sleduj\u00edc\u00ed \u017eivot p\u011bti teenager\u016f, kter\u00fdm se naskytne p\u0159\u00edle\u017eitost<br>opustit na chv\u00edli realitu Donbasu a vydat se na v\u00fdlet do Him\u00e1laje. Z jin\u00e9, do minulosti se<br>obracej\u00edc\u00ed perspektivy nahl\u00e9dne na ud\u00e1losti posledn\u00edho roku film Generace Euromajdan.<br>Re\u017eis\u00e9r v n\u011bm sleduje t\u0159i aktivisty revoluce na Majdanu, kte\u0159\u00ed n\u00e1sledn\u011b vstoupili do vy\u0161\u0161\u00edch<br>pater ukrajinsk\u00e9 politiky. Film p\u0159edstavuje politickou generaci, z n\u00ed\u017e vze\u0161el i sou\u010dasn\u00fd<br>prezident Volodymyr Zelenskyj. K mlad\u00e9 generaci Ukrajiny se v\u00e1\u017ee i sn\u00edmek re\u017eis\u00e9rky Olhy<br>Zhurb\u00e9 Na okraji vypr\u00e1v\u011bj\u00edc\u00ed o osudech romsk\u00e9ho chlapce, kter\u00fd se vlivem \u017eivotn\u00edch i<br>spole\u010densk\u00fdch ud\u00e1lost\u00ed ocitl na okraji spole\u010dnosti.<br>Tematick\u00e1 sekce Nov\u00e1 bo\u017estva nahl\u00e9dne na nov\u00e9 i star\u00e9 modly, ke kter\u00fdm lid\u00e9 vzhl\u00ed\u017eej\u00ed.<br>P\u0159edstav\u00ed se v n\u00ed t\u0159eba sn\u00edmek re\u017eis\u00e9ra Guye Davidiho, podle n\u011bho\u017e Izrael nen\u00ed m\u00edstem, kde<br>by m\u011bla m\u00edsto d\u011btsk\u00e1 nevinnost. Film Nevinnost odkr\u00fdv\u00e1 tragick\u00e9 dopady izraelsk\u00e9ho<br>militarismu na \u017eivoty tamn\u00ed ml\u00e1de\u017ee, odmala p\u0159ipravovan\u00e9 k obran\u011b vlasti. Re\u017eis\u00e9r Guy<br>Davidi se festivalu z\u00fa\u010dastn\u00ed online. V\u00edru v soci\u00e1ln\u00ed syst\u00e9my a lidskou pospolitost tematizuje<br>film Ob\u010dansk\u00e1 neposlu\u0161nost. Zam\u00fd\u0161l\u00ed se nad t\u00edm, zda je lidstvo ze sv\u00e9 podstaty dobr\u00e9 a<br>zrozen\u00e9 ke spolupr\u00e1ci. Na festival film p\u0159ijede p\u0159edstavit re\u017eis\u00e9r Fredrik Gertten.<br>Novou kategori\u00ed je tak\u00e9 S\u00edla \u017een. Protagonistky film\u016f se v n\u00ed rozhodly \u010delit bezpr\u00e1v\u00ed a<br>mnohdy i za cenu riskov\u00e1n\u00ed vlastn\u00ed bezpe\u010dnosti bojovat za pr\u00e1va dal\u0161\u00ed generace \u017een.<br>Christine Choy se rozhodla opr\u00e1\u0161it metry filmov\u00e9ho p\u00e1su, na nich\u017e dokumentovala mlad\u00e9<br>lidi, kte\u0159\u00ed se v \u010dervnu 1989 postavili na n\u00e1m\u011bst\u00ed Nebesk\u00e9ho klidu \u010d\u00ednsk\u00e9mu re\u017eimu a vl\u00e1dn\u00ed<br>s\u00edly je zmasakrovaly. N\u011bkte\u0159\u00ed z p\u0159e\u017eiv\u0161\u00edch tehdy utekli do exilu a u\u017e se nikdy nemohli vr\u00e1tit<br>dom\u016f. Filma\u0159ka se vyd\u00e1v\u00e1 za t\u0159emi disidenty, kte\u0159\u00ed jsou na p\u00e1sech zachyceni. V\u00fdsledn\u00fd<br>sn\u00edmek a v\u00edt\u011bz festivalu Sundance Vyhnanci nato\u010den\u00fd ve spolupr\u00e1ci s dvojic\u00ed re\u017eis\u00e9r\u016f<br>Benem Kleinem a Violet Columbus na festival do Prahy doprovod\u00ed nejen pr\u00e1v\u011b Violet<br>Columbus, ale tak\u00e9 jeden z protagonist\u016f, disident Wu&#8217;er Kaixi.<br>V dokumentu Dokud se zp\u00edv\u00e1 re\u017eis\u00e9rka Fazila Amiri sleduje zp\u011bva\u010dku z Afgh\u00e1nist\u00e1nu,<br>kter\u00e1 p\u0159esto\u017ee \u010del\u00ed v\u00fdhr\u016f\u017ek\u00e1m smrt\u00ed za sv\u00e1 ve\u0159ejn\u00e1 vystoupen\u00ed, se sna\u017e\u00ed svou \u010dinnost\u00ed<br>dod\u00e1vat odvahu dal\u0161\u00edm \u017een\u00e1m a d\u00edvk\u00e1m. Hrdinky filmu Utajen\u00e9 p\u00edsmo nato\u010den\u00e9 dvojic\u00ed<br>Violet Du Feng a Qing Zhao se sna\u017e\u00ed prosadit v \u010d\u00ednsk\u00e9 spole\u010dnosti \u0159\u00edzen\u00e9 patriarch\u00e1ln\u00edmi<br>tradicemi. Oporu nach\u00e1zej\u00ed v tradi\u010dn\u00edm jazyce n\u00fc-\u0161u, kter\u00fd \u017een\u00e1m po stalet\u00ed umo\u017e\u0148oval<br>komunikovat tak, aby jeho v\u00fdznam z\u016fstal mu\u017e\u016fm skryt\u00fd. Unik\u00e1tn\u00ed v\u00fdpov\u011b\u010f p\u0159inesou i<br>re\u017eis\u00e9rky filmu \u017deny za volantem: P\u0159\u00edb\u011bhy z cesty po Pam\u00edru Hannah Congdon a<br>Catherine Haigh, kter\u00e9 sedly za volant a rozjely se zmapovat stav \u017eensk\u00fdch pr\u00e1v<br>v oblastech Pam\u00edrsk\u00e9 d\u00e1lnice. Vznikl z toho up\u0159\u00edmn\u00fd cestopis, kter\u00fd d\u00e1v\u00e1 zazn\u00edt p\u0159\u00edb\u011bh\u016fm<br>\u017een a d\u00edvek z t\u011bchto opom\u00edjen\u00fdch \u010d\u00e1st\u00ed sv\u011bta. Ob\u011b re\u017eis\u00e9rky doraz\u00ed na festival a p\u0159edstav\u00ed<br>film osobn\u011b.<br>U t\u00e9matu spojen\u00e9ho s \u017eenami z\u016fstane i sn\u00edmek Mizogynie v digit\u00e1ln\u00edm v\u011bku za\u0159azen\u00fd do<br>kategorie S\u00edt\u011b, v n\u011bm\u017e re\u017eis\u00e9rsk\u00e1 dvojice Guylaine Maroist a L\u00e9a Clermont-Dion<br>upozor\u0148uje na nen\u00e1vistn\u00e9 \u00fatoky na \u017eeny v online prost\u0159ed\u00ed a ukazuje, jak moc n\u00e1siln\u00edk\u016fm<br>pom\u00e1h\u00e1 skryt\u00e1 identita za fale\u0161n\u00fdmi \u00fa\u010dty a jm\u00e9ny. Film na festival doprovod\u00ed jedna z<br>protagonistek, francouzsk\u00e1 here\u010dka Marion S\u00e9clin. Z jin\u00e9 perspektivy na s\u00edt\u011b nahl\u00e9dne<br>sn\u00edmek Pornfluence\u0159i, kter\u00fd p\u0159edstavuje mlad\u00fd p\u00e1r z N\u011bmecka \u017eiv\u00edc\u00ed se nat\u00e1\u010den\u00edm<br>pornovide\u00ed. P\u0159esto\u017ee cht\u011bl re\u017eis\u00e9r Joscha Bongard p\u016fvodn\u011b nato\u010dit sexu\u00e1ln\u011b pozitivn\u00ed<br>portr\u00e9t civiln\u00edho \u017eivota amat\u00e9rsk\u00fdch pornohv\u011bzd, v nato\u010den\u00e9m materi\u00e1lu vyv\u011br\u00e1 na povrch<br>toxicita vztahu, v n\u011bm\u017e p\u0159evl\u00e1daj\u00ed genderov\u00e9 stereotypy.<br>Nov\u00e9 kategorie v\u011bnovan\u00e9 vztah\u016fm i udr\u017eitelnosti<br>Na m\u00e1loco m\u016f\u017eeme nahl\u00ed\u017eet z tolika r\u016fzn\u00fdch \u00fahl\u016f jako na Vztahy, i proto jim Jeden sv\u011bt<br>v\u011bnuje samostatnou kategorii. Protagonistka filmu Nep\u0159\u00edjemn\u011b bl\u00edzko nato\u010den\u00e9ho<br>Botondem P\u00fcs\u00f6kem p\u0159i snaze o nalezen\u00ed klidu pro sebe a sv\u00e9 d\u011bti zakou\u0161\u00ed vliv okoln\u00edch<br>vztah\u016f na svou rodinu. Krom\u011b vesni\u010dan\u016f, kte\u0159\u00ed na n\u00ed nenechaj\u00ed nit suchou, se do jej\u00edho<br>\u017eivota pokradmu vrac\u00ed b\u00fdval\u00fd man\u017eel odsouzen\u00fd za zneu\u017e\u00edv\u00e1n\u00ed jej\u00ed dcery. Dokument\u00e1rn\u00ed<br>sv\u011bdectv\u00ed o vztahu matky a syna, kte\u0159\u00ed kv\u016fli d\u011bdi\u010dn\u00e9 nemoci p\u0159ich\u00e1zej\u00ed o zrak, p\u0159inese<br>re\u017eis\u00e9rka Julie Bezerra Madsen ve filmu Co je\u0161t\u011b uvid\u00edm.<br>Jeliko\u017e je i klimatick\u00e1 zm\u011bna jedn\u00edm z nejv\u011bt\u0161\u00edch t\u00e9mat sou\u010dasnosti, bude festival<br>pokra\u010dovat v tradici a nab\u00eddne filmy spojen\u00e9 s \u017eivotn\u00edm prost\u0159ed\u00edm, tentokr\u00e1t sdru\u017een\u00e9<br>v sekci Udr\u017eitelnost. O neobvykl\u00e9m p\u0159\u00e1telstv\u00ed povypr\u00e1v\u00ed dokument\u00e1rn\u00ed komedie Farm\u00e1\u0159 a<br>hipster. Farm\u00e1\u0159 z rakousk\u00e9ho venkova se dostane do sporu s v\u00edde\u0148sk\u00fdm novin\u00e1\u0159em, kter\u00fd<br>pot\u00e9 p\u0159ijme farm\u00e1\u0159ovu v\u00fdzvu a p\u0159ijede si za n\u00edm zkusit, jak\u00e9 to je hospoda\u0159it ve 21. stolet\u00ed.<br>V dokumentu \u017divot pod sopkou tv\u016frci Ischa Clissen a Dorus Masure zavedou diva\u010dky a<br>div\u00e1ky na Island mezi obyvatele dvou vesnic, kte\u0159\u00ed \u017eij\u00ed v neust\u00e1l\u00e9m strachu, kdy vybuchne<br>sopka Katla, na jej\u00edm\u017e \u00fapat\u00ed bydl\u00ed. Z potenci\u00e1ln\u00edho nebezpe\u010d\u00ed se nakonec rozhodnou t\u011b\u017eit a<br>z m\u00edsta vytvo\u0159\u00ed turistickou atrakci.<br>V sekci Vyko\u0159en\u011bn\u00ed festival uvede v\u00fdb\u011br film\u016f ze zem\u00ed Afriky, ale i Latinsk\u00e9 Ameriky a<br>Asie. T\u0159in\u00e1ctilet\u00fd Opio z Burkina Fasa se ve filmu Jestli jsi chlap ocit\u00e1 v za\u010darovan\u00e9m<br>kruhu. Jeho snem je chodit do \u0161koly a opustit pr\u00e1ci ve zlat\u00e9m dole, ale aby si vyd\u011blal na<br>\u0161koln\u00e9, mus\u00ed se prokop\u00e1vat doslova \u010d\u00edm d\u00e1l hloub\u011bji. Re\u017eis\u00e9\u0159i Vanna Hem a Tommaso<br>Colognese ve filmu SK Lotus p\u0159edstavuj\u00ed d\u00edv\u010d\u00ed fotbalov\u00fd klub v Kambod\u017ei, v n\u011bm\u017e tr\u00e9nuj\u00ed i<br>dva chlapci, kte\u0159\u00ed se narodili do d\u00edv\u010d\u00edho t\u011bla. M\u00edsto \u0161ikany, kter\u00e9 by se jim dostalo v<br>mnoh\u00fdch spole\u010dnostech po cel\u00e9m sv\u011bt\u011b, si ale v t\u00fdmu pod veden<\/p>\n\n\n\n<p>orer.eu<\/p>\n","protected":false},"excerpt":{"rendered":"<p>Rusk\u00e1 invaze na Ukrajin\u011b, energetick\u00e1 krize, klimatick\u00e9 zm\u011bny, ale i soci\u00e1ln\u00ednejistoty. To v\u0161e jsou situace, kter\u00e9 podtrhuj\u00ed k\u0159ehkost a hodnotu Ceny bezpe\u010d\u00ed,podtitulu leto\u0161n\u00edho ro\u010dn\u00edku Jednoho sv\u011bta, kter\u00fd odkazuje pr\u00e1v\u011b na jednu zez\u00e1kladn\u00edch lidsk\u00fdch pot\u0159eb. Bezpe\u010d\u00ed a cena, kterou jsme za n\u011bj ochotni platit, v\u0161akpro ka\u017ed\u00e9ho z n\u00e1s m\u016f\u017ee znamenat n\u011bco jin\u00e9ho. I proto se Jeden&#8230;<\/p>\n","protected":false},"author":1,"featured_media":30955,"comment_status":"open","ping_status":"open","sticky":false,"template":"","format":"standard","meta":{"_monsterinsights_skip_tracking":false,"_monsterinsights_sitenote_active":false,"_monsterinsights_sitenote_note":"","_monsterinsights_sitenote_category":0,"footnotes":""},"categories":[401,395,383,998],"tags":[415,423,2570],"class_list":["post-30981","post","type-post","status-publish","format-standard","has-post-thumbnail","hentry","category-ceske-armenske-zpravy","category-kino","category-kultura","category-novinky","tag-festival","tag-film","tag-jeden-svet"],"_links":{"self":[{"href":"https:\/\/orer.eu\/cs\/wp-json\/wp\/v2\/posts\/30981","targetHints":{"allow":["GET"]}}],"collection":[{"href":"https:\/\/orer.eu\/cs\/wp-json\/wp\/v2\/posts"}],"about":[{"href":"https:\/\/orer.eu\/cs\/wp-json\/wp\/v2\/types\/post"}],"author":[{"embeddable":true,"href":"https:\/\/orer.eu\/cs\/wp-json\/wp\/v2\/users\/1"}],"replies":[{"embeddable":true,"href":"https:\/\/orer.eu\/cs\/wp-json\/wp\/v2\/comments?post=30981"}],"version-history":[{"count":2,"href":"https:\/\/orer.eu\/cs\/wp-json\/wp\/v2\/posts\/30981\/revisions"}],"predecessor-version":[{"id":30983,"href":"https:\/\/orer.eu\/cs\/wp-json\/wp\/v2\/posts\/30981\/revisions\/30983"}],"wp:featuredmedia":[{"embeddable":true,"href":"https:\/\/orer.eu\/cs\/wp-json\/wp\/v2\/media\/30955"}],"wp:attachment":[{"href":"https:\/\/orer.eu\/cs\/wp-json\/wp\/v2\/media?parent=30981"}],"wp:term":[{"taxonomy":"category","embeddable":true,"href":"https:\/\/orer.eu\/cs\/wp-json\/wp\/v2\/categories?post=30981"},{"taxonomy":"post_tag","embeddable":true,"href":"https:\/\/orer.eu\/cs\/wp-json\/wp\/v2\/tags?post=30981"}],"curies":[{"name":"wp","href":"https:\/\/api.w.org\/{rel}","templated":true}]}}