{"id":14097,"date":"2022-06-21T18:00:28","date_gmt":"2022-06-21T15:00:28","guid":{"rendered":"https:\/\/orer.eu\/?p=14097"},"modified":"2022-06-21T18:00:57","modified_gmt":"2022-06-21T15:00:57","slug":"v-ramci-27-rocniku-jihomoravskeho-hudebniho-festivalu-dva-koncerty-sourozencu-sergeje-a-lusine-chacatryanovych-khachatryan","status":"publish","type":"post","link":"https:\/\/orer.eu\/cs\/2022\/06\/21\/v-ramci-27-rocniku-jihomoravskeho-hudebniho-festivalu-dva-koncerty-sourozencu-sergeje-a-lusine-chacatryanovych-khachatryan\/","title":{"rendered":"V r\u00e1mci 27. ro\u010dn\u00edku jihomoravsk\u00e9ho hudebn\u00edho festivalu\u00a0dva koncerty sourozenc\u016f Sergeje a Lusine Cha\u010datryanov\u00fdch (Khachatryan)"},"content":{"rendered":"\n<p><\/p>\n\n\n\n<figure class=\"wp-block-image size-full\"><img loading=\"lazy\" decoding=\"async\" width=\"800\" height=\"817\" src=\"https:\/\/orer.eu\/wp-content\/uploads\/2022\/06\/Sergey-Lusine-Khachatryan-2.jpg\" alt=\"\" class=\"wp-image-14098\" srcset=\"https:\/\/orer.eu\/wp-content\/uploads\/2022\/06\/Sergey-Lusine-Khachatryan-2.jpg 800w, https:\/\/orer.eu\/wp-content\/uploads\/2022\/06\/Sergey-Lusine-Khachatryan-2-294x300.jpg 294w, https:\/\/orer.eu\/wp-content\/uploads\/2022\/06\/Sergey-Lusine-Khachatryan-2-768x784.jpg 768w\" sizes=\"auto, (max-width: 800px) 100vw, 800px\" \/><\/figure>\n\n\n\n<p><strong>\u010ctvrtek 23. \u010dervna, 19:30 hod., Valtice, z\u00e1meck\u00e1 j\u00edzd\u00e1rna<\/strong><\/p>\n\n\n\n<p><strong>Sobota 25. \u010dervna, 19:30 hod., Ivan\u010dice, Besedn\u00ed d\u016fm<\/strong><\/p>\n\n\n\n<p><strong>Sergey Khachatryan<\/strong>&nbsp;\/ housle<\/p>\n\n\n\n<p><strong>Lusine Khachatryan<\/strong>&nbsp;\/ klav\u00edr<\/p>\n\n\n\n<p><img loading=\"lazy\" decoding=\"async\" width=\"300\" height=\"300\" src=\"\" alt=\"http:\/\/concentus-moraviae.cz\/wp-content\/uploads\/2022\/01\/Sergey-Lusine-CB-300x300.jpeg\"><strong>Na\u0161e ko\u0159eny<\/strong><\/p>\n\n\n\n<p>\u201e<em>Co poslucha\u010di usly\u0161\u00ed? Jedn\u00edm slovem: Arm\u00e9nii. Od folkloru po soudobou tvorbu. Komitas, Aram Cha\u010daturjan, Edvard Bagdasarjan, Arno Babad\u017eanjan\u2026 t\u011b\u0161te se na&nbsp;fantastickou pou\u0165 arm\u00e9nskou hudbou<\/em>,\u201c popisuje sv\u016fj festivalov\u00fd program nazvan\u00fd <em>Na\u0161e ko\u0159eny<\/em> Sergey Khachatryan, jedna z&nbsp;nejz\u00e1\u0159iv\u011bj\u0161\u00edch houslov\u00fdch hv\u011bzd sou\u010dasn\u00e9ho sv\u011bta, kter\u00e1 ve skvostn\u00e9 j\u00edzd\u00e1rn\u011b valtick\u00e9ho z\u00e1mku a v n\u00e1dhern\u00e9m s\u00e1le ivan\u010dick\u00e9ho Besedn\u00edho domu vystoup\u00ed se svou sestrou, vynikaj\u00edc\u00ed klav\u00edristkou Lusine.<\/p>\n\n\n\n<p><strong>Sleva 50% na vstupenky pro \u010dten\u00e1\u0159e ORER:<\/strong><\/p>\n\n\n\n<p><strong>dosp\u011bl\u00fd 175 K\u010d, studenti, senio\u0159i a dr\u017eitel\u00e9 ZTP 125 K\u010d.<\/strong><\/p>\n\n\n\n<p><strong>Sv\u016fj z\u00e1jem o rezervaci m\u00edst pros\u00edm potvr\u010fte na<\/strong><\/p>\n\n\n\n<p><a href=\"mailto:klara@concentus-moraviae.cz\"><strong>klara@concentus-moraviae.cz<\/strong><\/a><strong>,<\/strong><\/p>\n\n\n\n<p><strong>do p\u0159edm\u011btu vepi\u0161te ORER.<\/strong><\/p>\n\n\n\n<p>Na koncert ve Valtic\u00edch je organizov\u00e1na hromadn\u00e1 doprava z&nbsp;Brna, odjezd z&nbsp;Rooseveltovy ulice od Jan\u00e1\u010dkova divadla v&nbsp;18:00 hod; dopravn\u00ed kup\u00f3n lze koupit na klara@concentus-moraviae.cz.<\/p>\n\n\n\n<p>Koncerty se konaj\u00ed v&nbsp;r\u00e1mci festivalu Concentus Moraviae <img loading=\"lazy\" decoding=\"async\" width=\"318\" height=\"121\" src=\"\"><\/p>\n\n\n\n<p><a href=\"http:\/\/www.festivalcm.cz\/\"><strong>www.festivalcm.cz<\/strong><\/a><strong><\/strong><\/p>\n","protected":false},"excerpt":{"rendered":"<p>\u010ctvrtek 23. \u010dervna, 19:30 hod., Valtice, z\u00e1meck\u00e1 j\u00edzd\u00e1rna Sobota 25. \u010dervna, 19:30 hod., Ivan\u010dice, Besedn\u00ed d\u016fm Sergey Khachatryan&nbsp;\/ housle Lusine Khachatryan&nbsp;\/ klav\u00edr Na\u0161e ko\u0159eny \u201eCo poslucha\u010di usly\u0161\u00ed? Jedn\u00edm slovem: Arm\u00e9nii. Od folkloru po soudobou tvorbu. Komitas, Aram Cha\u010daturjan, Edvard Bagdasarjan, Arno Babad\u017eanjan\u2026 t\u011b\u0161te se na&nbsp;fantastickou pou\u0165 arm\u00e9nskou hudbou,\u201c popisuje sv\u016fj festivalov\u00fd program nazvan\u00fd Na\u0161e ko\u0159eny&#8230;<\/p>\n","protected":false},"author":1,"featured_media":14098,"comment_status":"open","ping_status":"open","sticky":false,"template":"","format":"gallery","meta":{"_monsterinsights_skip_tracking":false,"_monsterinsights_sitenote_active":false,"_monsterinsights_sitenote_note":"","_monsterinsights_sitenote_category":0,"footnotes":""},"categories":[392,998],"tags":[415,1516,497],"class_list":["post-14097","post","type-post","status-publish","format-gallery","has-post-thumbnail","hentry","category-hudba","category-novinky","tag-festival","tag-lusine-khachatran","tag-sergej-chacatrjan","post_format-post-format-gallery"],"_links":{"self":[{"href":"https:\/\/orer.eu\/cs\/wp-json\/wp\/v2\/posts\/14097","targetHints":{"allow":["GET"]}}],"collection":[{"href":"https:\/\/orer.eu\/cs\/wp-json\/wp\/v2\/posts"}],"about":[{"href":"https:\/\/orer.eu\/cs\/wp-json\/wp\/v2\/types\/post"}],"author":[{"embeddable":true,"href":"https:\/\/orer.eu\/cs\/wp-json\/wp\/v2\/users\/1"}],"replies":[{"embeddable":true,"href":"https:\/\/orer.eu\/cs\/wp-json\/wp\/v2\/comments?post=14097"}],"version-history":[{"count":2,"href":"https:\/\/orer.eu\/cs\/wp-json\/wp\/v2\/posts\/14097\/revisions"}],"predecessor-version":[{"id":14104,"href":"https:\/\/orer.eu\/cs\/wp-json\/wp\/v2\/posts\/14097\/revisions\/14104"}],"wp:featuredmedia":[{"embeddable":true,"href":"https:\/\/orer.eu\/cs\/wp-json\/wp\/v2\/media\/14098"}],"wp:attachment":[{"href":"https:\/\/orer.eu\/cs\/wp-json\/wp\/v2\/media?parent=14097"}],"wp:term":[{"taxonomy":"category","embeddable":true,"href":"https:\/\/orer.eu\/cs\/wp-json\/wp\/v2\/categories?post=14097"},{"taxonomy":"post_tag","embeddable":true,"href":"https:\/\/orer.eu\/cs\/wp-json\/wp\/v2\/tags?post=14097"}],"curies":[{"name":"wp","href":"https:\/\/api.w.org\/{rel}","templated":true}]}}