{"id":13999,"date":"2022-06-21T16:15:07","date_gmt":"2022-06-21T13:15:07","guid":{"rendered":"https:\/\/orer.eu\/?p=13999"},"modified":"2022-06-21T16:29:17","modified_gmt":"2022-06-21T13:29:17","slug":"novym-reditelem-festivalu-prazske-jaro-byl-jmenovan-pavel-trojan","status":"publish","type":"post","link":"https:\/\/orer.eu\/cs\/2022\/06\/21\/novym-reditelem-festivalu-prazske-jaro-byl-jmenovan-pavel-trojan\/","title":{"rendered":"Nov\u00fdm \u0159editelem festivalu Pra\u017esk\u00e9 jaro byl jmenov\u00e1n Pavel Trojan"},"content":{"rendered":"\n<h1 class=\"wp-block-heading\"><\/h1>\n\n\n\n<p><strong>Spr\u00e1vn\u00ed rada Mezin\u00e1rodn\u00ed hudebn\u00edho festivalu Pra\u017esk\u00e9 jaro na sv\u00e9m zased\u00e1n\u00ed dne 20. \u010dervna 2022 jmenovala Pavla Trojana nov\u00fdm \u0159editelem festivalu, funkce se ujme\u00a01. srpna 2022. Nav\u00e1\u017ee tak na pr\u00e1ci dlouholet\u00e9ho \u0159editele Romana B\u011blora. <em>\u201ePo jednadvaceti letech v\u00a0\u010dele Pra\u017esk\u00e9ho jara odch\u00e1z\u00edm na vlastn\u00ed \u017e\u00e1dost,\u201c <\/em>uv\u00e1d\u00ed B\u011blor.\u00a0 \u201e<em>Nastala vhodn\u00e1 chv\u00edle, abych p\u0159edal veden\u00ed festivalu Pavlu Trojanovi, kter\u00e9ho jsem do festivalov\u00e9ho t\u00fdmu p\u0159ed dvan\u00e1cti lety p\u0159ij\u00edmal. Sv\u00fdmi schopnostmi, vzd\u011bl\u00e1n\u00edm i zku\u0161enostmi mne i spr\u00e1vn\u00ed radu p\u0159esv\u011bd\u010dil, \u017ee bude spr\u00e1vnou osobnost\u00ed zaru\u010duj\u00edc\u00ed kontinuitu a dal\u0161\u00ed rozkv\u011bt festivalu,\u201c<\/em> zd\u016fraz\u0148uje.<\/strong><\/p>\n\n\n\n<figure class=\"wp-block-image size-full\"><img loading=\"lazy\" decoding=\"async\" width=\"1024\" height=\"683\" src=\"https:\/\/orer.eu\/wp-content\/uploads\/2022\/06\/prazske-jaro-pavel-troian.jpg\" alt=\"\" class=\"wp-image-14000\" srcset=\"https:\/\/orer.eu\/wp-content\/uploads\/2022\/06\/prazske-jaro-pavel-troian.jpg 1024w, https:\/\/orer.eu\/wp-content\/uploads\/2022\/06\/prazske-jaro-pavel-troian-300x200.jpg 300w, https:\/\/orer.eu\/wp-content\/uploads\/2022\/06\/prazske-jaro-pavel-troian-768x512.jpg 768w\" sizes=\"auto, (max-width: 1024px) 100vw, 1024px\" \/><\/figure>\n\n\n\n<p>Rada p\u0159ijala v&nbsp;t\u00e9to souvislosti n\u00e1sleduj\u00edc\u00ed usnesen\u00ed: <em>\u201eSpr\u00e1vn\u00ed rada obecn\u011b prosp\u011b\u0161n\u00e9 spole\u010dnosti Pra\u017esk\u00e9 jaro d\u011bkuje \u0159editeli Romanu B\u011blorovi za dlouhodobou a \u00fasp\u011b\u0161nou pr\u00e1ci \u0159editele festivalu\u201c. <\/em>Rada z\u00e1rove\u0148 zvolila Romana B\u011blora za sv\u00e9ho \u010dlena a vyj\u00e1d\u0159ila p\u0159esv\u011bd\u010den\u00ed, \u017ee se bude v r\u00e1mci jej\u00ed \u010dinnosti na \u0159\u00edzen\u00ed spole\u010dnosti i nad\u00e1le pod\u00edlet.&nbsp;&nbsp;&nbsp;<\/p>\n\n\n\n<p>Pavel Trojan je absolventem obor\u016f skladba a dirigov\u00e1n\u00ed na Pra\u017esk\u00e9 konzervato\u0159i, na Hudebn\u00ed fakult\u011b pra\u017esk\u00e9 AMU vystudoval obory hudebn\u00ed management a skladba. Na Pra\u017esk\u00e9m jaru p\u016fsob\u00ed od roku 2010. Postupn\u011b m\u011bl na starosti agendu marketingu, PR, stal se tiskov\u00fdm mluv\u010d\u00edm a od roku 2019 je n\u00e1m\u011bstkem \u0159editele.<\/p>\n\n\n\n<p><em>\u201eD\u011bkuji za projevenou d\u016fv\u011bru a panu \u0159editeli B\u011blorovi za v\u0161e, co jsem m\u011bl mo\u017enost se od n\u011bj nau\u010dit,\u201c <\/em>uv\u00e1d\u00ed nov\u011b jmenovan\u00fd \u0159editel Pavel Trojan. \u201e<em>Pra\u017esk\u00e9 jaro pova\u017euji za mezin\u00e1rodn\u00ed festival sv\u011btov\u00e9ho renom\u00e9, ve kter\u00e9m se v ide\u00e1ln\u00edm pom\u011bru m\u00eds\u00ed tradice i objevitelsk\u00fd duch. Ud\u011bl\u00e1m v\u0161e pro to, aby se Pra\u017esk\u00e9 jaro pod m\u00fdm veden\u00edm rozv\u00edjelo s odpov\u011bdnost\u00ed v\u016f\u010di jeho sl\u00e1v\u011b a historii, z\u00e1rove\u0148 v\u0161ak energick\u00fdm a modern\u00edm zp\u016fsobem. N\u00e1sleduj\u00edc\u00ed ro\u010dn\u00edky n\u00e1m s&nbsp;ohledem na turbulentn\u00ed ekonomickou a geopolitickou situaci jist\u011b p\u0159iprav\u00ed nejednu v\u00fdzvu, ale ani v&nbsp;takov\u00fdch \u010dasech nesm\u00ed festival rezignovat na v\u00fdjime\u010dn\u00e9 po\u010diny, povzn\u00e1\u0161ej\u00edc\u00ed a obohacuj\u00edc\u00ed um\u011bleck\u00e9 z\u00e1\u017eitky,\u201c<\/em> uzav\u00edr\u00e1 Trojan.<\/p>\n\n\n\n<figure class=\"wp-block-image size-large\"><img loading=\"lazy\" decoding=\"async\" width=\"1024\" height=\"698\" src=\"https:\/\/orer.eu\/wp-content\/uploads\/2022\/06\/prazske-jaro-rada-1024x698.jpg\" alt=\"\" class=\"wp-image-14008\" srcset=\"https:\/\/orer.eu\/wp-content\/uploads\/2022\/06\/prazske-jaro-rada-1024x698.jpg 1024w, https:\/\/orer.eu\/wp-content\/uploads\/2022\/06\/prazske-jaro-rada-300x204.jpg 300w, https:\/\/orer.eu\/wp-content\/uploads\/2022\/06\/prazske-jaro-rada-768x523.jpg 768w, https:\/\/orer.eu\/wp-content\/uploads\/2022\/06\/prazske-jaro-rada-1536x1047.jpg 1536w, https:\/\/orer.eu\/wp-content\/uploads\/2022\/06\/prazske-jaro-rada-2048x1395.jpg 2048w\" sizes=\"auto, (max-width: 1024px) 100vw, 1024px\" \/><\/figure>\n\n\n\n<h1 class=\"wp-block-heading\"><\/h1>\n\n\n\n<h1 class=\"wp-block-heading\">O festivalu<\/h1>\n\n\n\n<p>Mezin\u00e1rodn\u00ed hudebn\u00ed festival Pra\u017esk\u00e9 jaro se za t\u00e9m\u011b\u0159 osmdes\u00e1t let (zalo\u017een na ja\u0159e 1946) etabloval v jeden z&nbsp;nejrespektovan\u011bj\u0161\u00edch sv\u011btov\u00fdch festival\u016f klasick\u00e9 hudby. O zrod festivalu se zaslou\u017eil Rafael Kubel\u00edk, jedna z&nbsp;nejv\u00fdznamn\u011bj\u0161\u00edch dirigentsk\u00fdch osobnost\u00ed klasick\u00e9 hudby 20. stolet\u00ed. Hned na prvn\u00edm ro\u010dn\u00edku se odehr\u00e1l mezin\u00e1rodn\u00ed debut pozd\u011bji v\u011bhlasn\u00e9ho dirigenta Leonarda Bernsteina. Od roku 1947 se pevnou sou\u010d\u00e1st\u00ed festivalu stala rovn\u011b\u017e Mezin\u00e1rodn\u00ed hudebn\u00ed sout\u011b\u017e Pra\u017esk\u00e9 jaro, kter\u00e1 je od roku 1957 zakl\u00e1daj\u00edc\u00edm \u010dlenem Sv\u011btov\u00e9 federace mezin\u00e1rodn\u00edch hudebn\u00edch sout\u011b\u017e\u00ed. Ka\u017edoro\u010dn\u011b festival p\u0159in\u00e1\u0161\u00ed na p\u011bt des\u00edtek koncert\u016f \u2013 hostov\u00e1n\u00ed zahrani\u010dn\u00edch um\u011blc\u016f a orchestr\u016f, nejlep\u0161\u00ed interprety dom\u00e1c\u00ed sc\u00e9ny, um\u011bleck\u00e9 legendy i v\u00fdzna\u010dn\u00e9 talenty na za\u010d\u00e1tku jejich um\u011bleck\u00e9 dr\u00e1hy. D\u016fle\u017eit\u00fdm prvkem festivalu je \u0161\u00ed\u0159e dramaturgick\u00e9ho z\u00e1b\u011bru \u2013 nab\u00eddka koncert\u016f sah\u00e1 od st\u0159edov\u011bk\u00e9 hudby a\u017e po tvorbu \u017eij\u00edc\u00edch autor\u016f. Pra\u017esk\u00e9 jaro je platformou, na kter\u00e9 se \u010desk\u00e1 klasick\u00e1 hudba a \u010desk\u00e9 interpreta\u010dn\u00ed um\u011bn\u00ed st\u00fdkaj\u00ed pravideln\u011b, ve velk\u00e9m rozsahu a na vysok\u00e9 \u00farovni se zahrani\u010dn\u00ed sc\u00e9nou, \u010d\u00edm\u017e se vyma\u0148uje ze sev\u0159en\u00ed lok\u00e1lnosti a podrobuj\u00ed se p\u0159\u00edsn\u00fdm m\u011b\u0159\u00edtk\u016fm skute\u010dn\u00e9 sv\u011btovosti. Nem\u00e9n\u011b d\u016fle\u017eit\u00e9 je to<strong>, <\/strong>\u017ee z t\u00e9to synergie profituje p\u0159edev\u0161\u00edm \u010desk\u00fd poslucha\u010d a div\u00e1k<strong>, <\/strong>kter\u00fd se st\u00e1v\u00e1 orientovan\u00fdm, znal\u00fdm a n\u00e1ro\u010dn\u00fdm kulturn\u00edm z\u00e1kazn\u00edkem. Zahrani\u010dn\u00ed um\u011blci se d\u00edky festivalov\u00e9 \u00fa\u010dasti setk\u00e1vaj\u00ed s hudbou \u010desk\u00fdch autor\u016f, ve velk\u00e9 m\u00ed\u0159e i soudob\u00fdch, jejich\u017e prost\u0159ednictv\u00edm se tato d\u00edla \u0161\u00ed\u0159\u00ed d\u00e1le po sv\u011bt\u011b.<\/p>\n","protected":false},"excerpt":{"rendered":"<p>Spr\u00e1vn\u00ed rada Mezin\u00e1rodn\u00ed hudebn\u00edho festivalu Pra\u017esk\u00e9 jaro na sv\u00e9m zased\u00e1n\u00ed dne 20. \u010dervna 2022 jmenovala Pavla Trojana nov\u00fdm \u0159editelem festivalu, funkce se ujme\u00a01. srpna 2022. Nav\u00e1\u017ee tak na pr\u00e1ci dlouholet\u00e9ho \u0159editele Romana B\u011blora. \u201ePo jednadvaceti letech v\u00a0\u010dele Pra\u017esk\u00e9ho jara odch\u00e1z\u00edm na vlastn\u00ed \u017e\u00e1dost,\u201c uv\u00e1d\u00ed B\u011blor.\u00a0 \u201eNastala vhodn\u00e1 chv\u00edle, abych p\u0159edal veden\u00ed festivalu Pavlu Trojanovi, kter\u00e9ho&#8230;<\/p>\n","protected":false},"author":1,"featured_media":14000,"comment_status":"open","ping_status":"open","sticky":false,"template":"","format":"gallery","meta":{"_monsterinsights_skip_tracking":false,"_monsterinsights_sitenote_active":false,"_monsterinsights_sitenote_note":"","_monsterinsights_sitenote_category":0,"footnotes":""},"categories":[401,392,383,998],"tags":[1509,1508],"class_list":["post-13999","post","type-post","status-publish","format-gallery","has-post-thumbnail","hentry","category-ceske-armenske-zpravy","category-hudba","category-kultura","category-novinky","tag-festivalu-prazske-jaro","tag-pavel-trojan","post_format-post-format-gallery"],"_links":{"self":[{"href":"https:\/\/orer.eu\/cs\/wp-json\/wp\/v2\/posts\/13999","targetHints":{"allow":["GET"]}}],"collection":[{"href":"https:\/\/orer.eu\/cs\/wp-json\/wp\/v2\/posts"}],"about":[{"href":"https:\/\/orer.eu\/cs\/wp-json\/wp\/v2\/types\/post"}],"author":[{"embeddable":true,"href":"https:\/\/orer.eu\/cs\/wp-json\/wp\/v2\/users\/1"}],"replies":[{"embeddable":true,"href":"https:\/\/orer.eu\/cs\/wp-json\/wp\/v2\/comments?post=13999"}],"version-history":[{"count":1,"href":"https:\/\/orer.eu\/cs\/wp-json\/wp\/v2\/posts\/13999\/revisions"}],"predecessor-version":[{"id":14012,"href":"https:\/\/orer.eu\/cs\/wp-json\/wp\/v2\/posts\/13999\/revisions\/14012"}],"wp:featuredmedia":[{"embeddable":true,"href":"https:\/\/orer.eu\/cs\/wp-json\/wp\/v2\/media\/14000"}],"wp:attachment":[{"href":"https:\/\/orer.eu\/cs\/wp-json\/wp\/v2\/media?parent=13999"}],"wp:term":[{"taxonomy":"category","embeddable":true,"href":"https:\/\/orer.eu\/cs\/wp-json\/wp\/v2\/categories?post=13999"},{"taxonomy":"post_tag","embeddable":true,"href":"https:\/\/orer.eu\/cs\/wp-json\/wp\/v2\/tags?post=13999"}],"curies":[{"name":"wp","href":"https:\/\/api.w.org\/{rel}","templated":true}]}}