{"id":12454,"date":"2022-06-01T17:14:45","date_gmt":"2022-06-01T14:14:45","guid":{"rendered":"https:\/\/orer.eu\/?p=12454"},"modified":"2022-06-01T17:15:14","modified_gmt":"2022-06-01T14:15:14","slug":"mimoradny-koncert-prazskeho-jara-pro-ukrajinu","status":"publish","type":"post","link":"https:\/\/orer.eu\/cs\/2022\/06\/01\/mimoradny-koncert-prazskeho-jara-pro-ukrajinu\/","title":{"rendered":"Mimo\u0159\u00e1dn\u00fd koncert Pra\u017esk\u00e9ho jara pro Ukrajinu"},"content":{"rendered":"\n<p>Festival Pra\u017esk\u00e9 jaro do programu za\u0159adil mimo\u0159\u00e1dn\u00fd koncert na po\u010dest Ukrajiny. <strong>Kyjev\u0161t\u00ed s\u00f3list\u00e9<\/strong>, kte\u0159\u00ed pat\u0159\u00ed mezi p\u0159edn\u00ed ukrajinsk\u00e1 hudebn\u00ed t\u011blesa, vystoup\u00ed 2. \u010dervna v&nbsp;kostele<br>sv. \u0160imona a Judy. <em>\u201eHudebn\u00ed sv\u011bt je ji\u017e z&nbsp;podstaty sv\u00e9ho univerz\u00e1ln\u00edho jazyka p\u0159irozen\u011b kosmopolitn\u00ed. Proto je kl\u00ed\u010dem k&nbsp;anga\u017em\u00e1 um\u011bleck\u00fdch osobnost\u00ed i t\u011bles jejich mistrovstv\u00ed, nikoliv n\u00e1rodnost \u010di st\u00e1tn\u00ed p\u0159\u00edslu\u0161nost. V\u00fdjimkou m\u016f\u017ee b\u00fdt situace, kdy chceme um\u011blc\u016fm konkr\u00e9tn\u00edho n\u00e1roda \u010di zem\u011b vyj\u00e1d\u0159it solidaritu v&nbsp;t\u00ed\u017eiv\u00e9 situaci. To je tak\u00e9 d\u016fvodem, pro\u010d do programu mimo\u0159\u00e1dn\u011b za\u0159azujeme koncert komorn\u00edho orchestru Kyjev\u0161t\u00ed s\u00f3list\u00e9. V\u0161ichni si uv\u011bdomujeme smutnou pravdivost aktualizovan\u00e9 podoby hesla z&nbsp;obdob\u00ed ob\u010dansk\u00e9 v\u00e1lky ve \u0160pan\u011blsku \u2013 U Kyjeva se bojuje za Prahu!\u201c<\/em> p\u0159ibli\u017euje \u0159editel festivalu Roman B\u011blor.<\/p>\n\n\n\n<p>Rusk\u00e1 agrese na Ukrajin\u011b soubor zastihla v&nbsp;zahrani\u010d\u00ed. <em>\u201eZa\u010dalo to 23. \u00fanora jako b\u011b\u017en\u00e9 dvout\u00fddenn\u00ed turn\u00e9 po It\u00e1lii,\u201c<\/em> \u0159ekl pro port\u00e1l Bachtrack houslista <strong>Anatolij Vasylkivskyj<\/strong>, kter\u00fd je um\u011bleck\u00fdm vedouc\u00edm Kyjevsk\u00fdch s\u00f3list\u016f od roku 2017. N\u00e1sleduj\u00edc\u00ed den rusk\u00e9 jednotky napadly Ukrajinu. <em>\u201eKdy\u017e jsme p\u0159ijeli do It\u00e1lie, mnoho \u010dlen\u016f souboru zavolalo sv\u00fdm rodin\u00e1m<br>a doslechli se o bombardov\u00e1n\u00ed,\u201c<\/em>dod\u00e1v\u00e1. N\u00e1sledn\u011b padlo rozhodnut\u00ed z\u016fstat mimo Ukrajinu.<br>A to nikoliv jen z&nbsp;bezpe\u010dnostn\u00edch d\u016fvod\u016f, ale tak\u00e9 proto, aby soubor dost\u00e1l sv\u00e9mu z\u00e1vazku b\u00fdt \u201evyslancem Ukrajiny\u201c a po\u0159\u00e1dal koncerty na podporu sv\u00e9 zem\u011b. Po vystoupen\u00edch ve dvaceti italsk\u00fdch m\u011bstech tak soubor zam\u00ed\u0159il do \u0160v\u00fdcarska, N\u011bmecka, \u0160v\u00e9dska, Norska, Litvy, Loty\u0161ska a Estonska. \u201e<em>Chceme tyto koncerty v\u011bnovat na\u0161im rodin\u00e1m, na\u0161\u00ed zemi a na\u0161\u00ed arm\u00e1d\u011b, kter\u00e1 bojuje za demokracii na cel\u00e9m sv\u011bt\u011b<\/em>,\u201c uvedl Vasylkivskyj. Koncert\u016f se zat\u00edm konalo p\u0159es \u010dty\u0159icet a poda\u0159ilo se na nich vybrat stovky tis\u00edc eur, kter\u00e9 sm\u011b\u0159uj\u00ed na podporu Ukrajiny.&nbsp; C\u00edlem Kyjevsk\u00fdch s\u00f3list\u016f i nad\u00e1le z\u016fst\u00e1v\u00e1 propagace ukrajinsk\u00e9 kultury, snaha z\u00edskat prost\u0159edky na podporu sv\u00e9 zem\u011b a sjednocovat lidi ve snaze o m\u00edr.<\/p>\n\n\n\n<p><em>\u201eKoncert festivalov\u00e9mu publiku nab\u00eddne \u0161irok\u00fd a reprezentativn\u00ed v\u00fdb\u011br z&nbsp;ukrajinsk\u00e9 hudby dopln\u011bn\u00fd o hudbu italsk\u00e9ho klasika Nina Roty, zn\u00e1m\u00e9ho p\u0159edev\u0161\u00edm jako autora filmov\u00e9 hudby, a uk\u00e1zku z&nbsp;ran\u00e9 tvorby Felixe Mendelssohna-Bartholdyho,\u201c<\/em> uv\u00e1d\u00ed dramaturg Pra\u017esk\u00e9ho jara <strong>Josef T\u0159e\u0161t\u00edk<\/strong>. Ve\u010der zah\u00e1j\u00ed <em>Symfonie C dur<\/em> Mozartova sou\u010dasn\u00edka Maksima Berezovsk\u00e9ho, kter\u00fd byl na studi\u00edch v&nbsp;Boloni spolu\u017e\u00e1kem Josefa Myslive\u010dka. Poslucha\u010d\u016fm se p\u0159edstav\u00ed tak\u00e9 tvorba ukrajinsk\u00fdch autor\u016f v&nbsp;\u010dele s&nbsp;Valentynem Sylvestrovem. <em>\u201eSou\u010dasn\u00edk Arvo P\u00e4rta a Alfreda Schnittkeho pro\u017eil cel\u00fd \u017eivot v&nbsp;rodn\u00e9m Kyjev\u011b a a\u017e na za\u010d\u00e1tku prob\u00edhaj\u00edc\u00ed v\u00e1lky se po dramatick\u00e9 cest\u011b odebral do Berl\u00edna,\u201c<\/em> dod\u00e1v\u00e1 T\u0159e\u0161t\u00edk.<\/p>\n\n\n\n<p>Kyjev\u0161t\u00ed s\u00f3list\u00e9 na program za\u0159adili tak\u00e9 lidovou p\u00edse\u0148 <em>Plyne ka\u010da<\/em> (Pluje kachna), kter\u00e1 v&nbsp;dne\u0161n\u00edch dnech v sob\u011b nese zna\u010dnou symboliku. <em>\u201eV jej\u00edm textu se mlad\u00fd mu\u017e lou\u010d\u00ed se svou matkou a odch\u00e1z\u00ed do v\u00e1lky. P\u00edse\u0148 zazn\u011bla v&nbsp;lednu 2014 na kyjevsk\u00e9m N\u00e1m\u011bst\u00ed Nez\u00e1vislosti (Majdan) na ve\u0159ejn\u00e9m poh\u0159bu Michaila \u017dyznevsk\u00e9ho, kter\u00fd se stal v&nbsp;po\u0159ad\u00ed druhou ob\u011bt\u00ed tzv. Revoluce d\u016fstojnosti zn\u00e1m\u00e9 rovn\u011b\u017e jako Euromajdan (2013). Od t\u00e9 doby je tato p\u00edse\u0148 neofici\u00e1ln\u00ed hymnou boje Ukrajinc\u016f za svobodu a pln\u00ed funkci rekviem za padl\u00e9, a\u0165 u\u017e v&nbsp;Kyjev\u011b na N\u00e1m\u011bst\u00ed Nez\u00e1vislosti, na Donbase, nebo nyn\u00ed na rusko-ukrajinsk\u00fdch v\u00e1le\u010dn\u00fdch front\u00e1ch,\u201c <\/em>up\u0159es\u0148uje muzikolog a ukrajinista <strong>Petr Kalina<\/strong>.<\/p>\n","protected":false},"excerpt":{"rendered":"<p>Festival Pra\u017esk\u00e9 jaro do programu za\u0159adil mimo\u0159\u00e1dn\u00fd koncert na po\u010dest Ukrajiny. Kyjev\u0161t\u00ed s\u00f3list\u00e9, kte\u0159\u00ed pat\u0159\u00ed mezi p\u0159edn\u00ed ukrajinsk\u00e1 hudebn\u00ed t\u011blesa, vystoup\u00ed 2. \u010dervna v&nbsp;kostelesv. \u0160imona a Judy. \u201eHudebn\u00ed sv\u011bt je ji\u017e z&nbsp;podstaty sv\u00e9ho univerz\u00e1ln\u00edho jazyka p\u0159irozen\u011b kosmopolitn\u00ed. Proto je kl\u00ed\u010dem k&nbsp;anga\u017em\u00e1 um\u011bleck\u00fdch osobnost\u00ed i t\u011bles jejich mistrovstv\u00ed, nikoliv n\u00e1rodnost \u010di st\u00e1tn\u00ed p\u0159\u00edslu\u0161nost. V\u00fdjimkou m\u016f\u017ee b\u00fdt&#8230;<\/p>\n","protected":false},"author":1,"featured_media":4842,"comment_status":"open","ping_status":"open","sticky":false,"template":"","format":"standard","meta":{"_monsterinsights_skip_tracking":false,"_monsterinsights_sitenote_active":false,"_monsterinsights_sitenote_note":"","_monsterinsights_sitenote_category":0,"footnotes":""},"categories":[401,392,168,998],"tags":[415,491],"class_list":["post-12454","post","type-post","status-publish","format-standard","has-post-thumbnail","hentry","category-ceske-armenske-zpravy","category-hudba","category-concerts-cs","category-novinky","tag-festival","tag-prazske-jaro"],"_links":{"self":[{"href":"https:\/\/orer.eu\/cs\/wp-json\/wp\/v2\/posts\/12454","targetHints":{"allow":["GET"]}}],"collection":[{"href":"https:\/\/orer.eu\/cs\/wp-json\/wp\/v2\/posts"}],"about":[{"href":"https:\/\/orer.eu\/cs\/wp-json\/wp\/v2\/types\/post"}],"author":[{"embeddable":true,"href":"https:\/\/orer.eu\/cs\/wp-json\/wp\/v2\/users\/1"}],"replies":[{"embeddable":true,"href":"https:\/\/orer.eu\/cs\/wp-json\/wp\/v2\/comments?post=12454"}],"version-history":[{"count":1,"href":"https:\/\/orer.eu\/cs\/wp-json\/wp\/v2\/posts\/12454\/revisions"}],"predecessor-version":[{"id":12455,"href":"https:\/\/orer.eu\/cs\/wp-json\/wp\/v2\/posts\/12454\/revisions\/12455"}],"wp:featuredmedia":[{"embeddable":true,"href":"https:\/\/orer.eu\/cs\/wp-json\/wp\/v2\/media\/4842"}],"wp:attachment":[{"href":"https:\/\/orer.eu\/cs\/wp-json\/wp\/v2\/media?parent=12454"}],"wp:term":[{"taxonomy":"category","embeddable":true,"href":"https:\/\/orer.eu\/cs\/wp-json\/wp\/v2\/categories?post=12454"},{"taxonomy":"post_tag","embeddable":true,"href":"https:\/\/orer.eu\/cs\/wp-json\/wp\/v2\/tags?post=12454"}],"curies":[{"name":"wp","href":"https:\/\/api.w.org\/{rel}","templated":true}]}}